{"id":100,"date":"2021-02-02T11:26:12","date_gmt":"2021-02-02T11:26:12","guid":{"rendered":"https:\/\/4t.lauder.hu\/?p=100"},"modified":"2021-02-03T13:01:43","modified_gmt":"2021-02-03T13:01:43","slug":"malik-panna-tapasztalataim-a-kutatok-napjan","status":"publish","type":"post","link":"https:\/\/summacum.lauder.hu\/index.php\/2021\/02\/02\/malik-panna-tapasztalataim-a-kutatok-napjan\/","title":{"rendered":"M\u00e1lik Panna: Tapasztalataim a kutat\u00f3k napj\u00e1n"},"content":{"rendered":"\n<p>Az eg\u00e9sz napnak nagy kedvvel indultam neki, hiszen gyakorlatilag <strong><em>Prokopovych Mia<\/em><\/strong> bar\u00e1tn\u0151mmel val\u00f3 besz\u00e9lget\u00e9s\u00fcnkben pattant ki a fejemb\u0151l, hogy kellene egy <em>K\u00f6nyv\u00fcnnephez<\/em> hasonl\u00f3 nap, ahol re\u00e1l tudom\u00e1ny\u00e1gakban dolgoz\u00f3 emberekkel is besz\u00e9lgethetn\u00e9nk, hiszen nem mindenki hum\u00e1n \u00e9rdekl\u0151d\u00e9s\u0171. <strong><em>Mia <\/em><\/strong>ezt tov\u00e1bb gondolta, majd el\u0151adta \u00f6tlet\u00fcnket a mentorcsoportunkban, amelyet mentorunk <strong><em>Juh\u00e1sz M\u00f3nika<\/em><\/strong> nagy \u00f6r\u00f6mmel fogadott, \u00e9s ezek ut\u00e1n megtett mindent, hogy egy ilyen nap mindenk\u00e9ppen l\u00e9trej\u00f6jj\u00f6n.<\/p>\n\n\n\n<p>Szem\u00e9ly szerint \u00e9n nagyon \u00e9lvezem, amikor betekint\u00e9st nyerhetek egy adott tudom\u00e1nyba, szerencs\u00e9snek \u00e9reztem magam, hogy szakter\u00fclet\u00fck\u00f6n sikeres embereknek tehettem fel k\u00e9rd\u00e9seimet. K\u00fcl\u00f6nb\u00f6z\u0151 t\u00e9m\u00e1k k\u00f6z\u00fcl v\u00e1laszthattunk, minden el\u0151ad\u00f3 kutat\u00f3 volt. Mindegyik id\u0151s\u00e1vban tal\u00e1ltam olyan t\u00e9m\u00e1t, amely t\u00e9nyleg \u00e9rdekelt. Sokszor nem is csak felt\u00e9tlen\u00fcl a munk\u00e1juk volt \u00e9rdekes, hanem tizedikesk\u00e9nt az is, hogy hogyan jutottak el id\u00e1ig. Ezt <strong><em>dr. Koltai J\u00fali\u00e1t\u00f3l<\/em><\/strong> hallhattam a legr\u00e9szletesebben, amellett, hogy bevezetett minket a t\u00e1rsadalomkutat\u00e1s rejtelmeibe. Volt, aki tan\u00e1csokkal is ell\u00e1tott minket, nagyon j\u00f3 volt hallani, hogy valaki t\u00e9nyleg elk\u00f6telezett \u00e9s lelkes a munk\u00e1j\u00e1val kapcsolatban, \u00e9s sz\u00edvesen mes\u00e9l r\u00f3la gyerekeknek is. Minden kutat\u00f3 m\u00e1shogy mutatta be munk\u00e1ss\u00e1g\u00e1t, <strong><em>Mokos Judit <\/em><\/strong>p\u00e9ld\u00e1ul besz\u00e9lget\u00e9s\u00e9n, a moder\u00e1tor \u00e1ltal feltett k\u00e9rd\u00e9sekre v\u00e1laszolva. Ennek kifejezetten \u00f6r\u00fcltem, j\u00f3 volt egy szakember v\u00e9lem\u00e9ny\u00e9t hallani a minket \u00e9rdekl\u0151, aktu\u00e1lis t\u00e9m\u00e1kr\u00f3l. <strong><em>Lefkovics Korn\u00e9l<\/em><\/strong> volt a harmadik el\u0151ad\u00f3, akit volt szerencs\u00e9m megismerni. N\u00e1la az agykutat\u00e1sr\u00f3l tudhattam meg \u00e9rdekess\u00e9geket, \u00e9s k\u00fcl\u00f6n\u00f6sen j\u00f3 volt hallani arr\u00f3l, hogy \u0151 is ugyanazon falak k\u00f6z\u00f6tt v\u00e9gezte gimis tanulm\u00e1nyait, mint \u00e9n. Annak ellen\u00e9re, hogy Zoom-on t\u00f6rt\u00e9nt az \u00f6sszes besz\u00e9lget\u00e9s, sokkal szem\u00e9lyesebbnek \u00e9reztem \u00edgy az \u00e9lm\u00e9nyt, mintha egy k\u00fcls\u0151s helyre mentem volna meghallgatni az el\u0151ad\u00e1sokat, a sok saj\u00e1t k\u00e9rd\u00e9s\u00fcnkre adott v\u00e1lasz \u00e9s szem\u00e9lyes tapasztalat elmes\u00e9l\u00e9se miatt.<\/p>\n\n\n\n<figure class=\"wp-block-image size-large\"><img loading=\"lazy\" width=\"1024\" height=\"282\" src=\"https:\/\/4t.lauder.hu\/wp-content\/uploads\/2021\/02\/lauder-mozaik-1024x282.png\" alt=\"\" class=\"wp-image-91\" srcset=\"https:\/\/summacum.lauder.hu\/wp-content\/uploads\/2021\/02\/lauder-mozaik-1024x282.png 1024w, https:\/\/summacum.lauder.hu\/wp-content\/uploads\/2021\/02\/lauder-mozaik-300x83.png 300w, https:\/\/summacum.lauder.hu\/wp-content\/uploads\/2021\/02\/lauder-mozaik-768x211.png 768w, https:\/\/summacum.lauder.hu\/wp-content\/uploads\/2021\/02\/lauder-mozaik-1536x423.png 1536w, https:\/\/summacum.lauder.hu\/wp-content\/uploads\/2021\/02\/lauder-mozaik.png 1558w\" sizes=\"(max-width: 1024px) 100vw, 1024px\" \/><\/figure>\n\n\n\n<p>Abszol\u00fat pozit\u00edv \u00e9lm\u00e9nyk\u00e9nt \u00e9ltem meg ezt a napot, m\u00e9g \u00fagy is, hogy jelenleg nem vagyok biztos benne, hogy milyen ir\u00e1nyban tervezek tov\u00e1bbmenni. \u00dagy gondolom, siker\u00fclt profi szinten megtartani az esem\u00e9nyt, t\u00e9nyleg kiv\u00e1l\u00f3 volt arra, hogy belel\u00e1ssunk a kutat\u00f3k \u00e9let\u00e9be. Szerintem siker\u00fclt kedvet csin\u00e1lniuk az munk\u00e1jukhoz, \u00e9s nem mellesleg rengeteget tanultunk is t\u0151l\u00fck. Egyetlen apr\u00f3 \u00e9szrev\u00e9telem a j\u00f6v\u0151re tekintve, hogy a re\u00e1l ir\u00e1nyon bel\u00fcl m\u00e9g rengeteg ter\u00fclet van, ezekb\u0151l is sz\u00edvesen besz\u00e9lgetn\u00e9k emberekkel, nem csak kutat\u00f3kkal. \u00d6r\u00f6mmel r\u00e9szt venn\u00e9k m\u00e9g sok ilyen rendezv\u00e9nyen, mert ezt egy fontos dolognak tartom, hiszen a val\u00f3s, feln\u0151tt \u00e9let\u00fcnkre k\u00e9sz\u00edt fel benn\u00fcnket gyakorlatias m\u00f3don.<\/p>\n\n\n\n<p class=\"has-text-align-right\"><em>M\u00e1lik Panna, 10. \u00e9vfolyam<\/em><\/p>\n","protected":false},"excerpt":{"rendered":"<p>Az eg\u00e9sz napnak nagy kedvvel indultam neki, hiszen gyakorlatilag Prokopovych Mia bar\u00e1tn\u0151mmel val\u00f3 besz\u00e9lget\u00e9s\u00fcnkben pattant ki a fejemb\u0151l, hogy kellene egy K\u00f6nyv\u00fcnnephez hasonl\u00f3 nap, ahol re\u00e1l tudom\u00e1ny\u00e1gakban dolgoz\u00f3 emberekkel is besz\u00e9lgethetn\u00e9nk, hiszen nem mindenki hum\u00e1n \u00e9rdekl\u0151d\u00e9s\u0171. Mia ezt tov\u00e1bb gondolta, majd el\u0151adta \u00f6tlet\u00fcnket a mentorcsoportunkban, amelyet mentorunk Juh\u00e1sz M\u00f3nika nagy \u00f6r\u00f6mmel fogadott, \u00e9s ezek ut\u00e1n megtett mindent, hogy egy ilyen nap mindenk\u00e9ppen l\u00e9trej\u00f6jj\u00f6n. Szem\u00e9ly szerint \u00e9n nagyon \u00e9lvezem, amikor betekint\u00e9st nyerhetek egy adott tudom\u00e1nyba, szerencs\u00e9snek \u00e9reztem magam, hogy szakter\u00fclet\u00fck\u00f6n sikeres<\/p>\n","protected":false},"author":3,"featured_media":101,"comment_status":"open","ping_status":"open","sticky":false,"template":"","format":"standard","meta":[],"categories":[23],"tags":[34,37,36,35,33],"_links":{"self":[{"href":"https:\/\/summacum.lauder.hu\/index.php\/wp-json\/wp\/v2\/posts\/100"}],"collection":[{"href":"https:\/\/summacum.lauder.hu\/index.php\/wp-json\/wp\/v2\/posts"}],"about":[{"href":"https:\/\/summacum.lauder.hu\/index.php\/wp-json\/wp\/v2\/types\/post"}],"author":[{"embeddable":true,"href":"https:\/\/summacum.lauder.hu\/index.php\/wp-json\/wp\/v2\/users\/3"}],"replies":[{"embeddable":true,"href":"https:\/\/summacum.lauder.hu\/index.php\/wp-json\/wp\/v2\/comments?post=100"}],"version-history":[{"count":2,"href":"https:\/\/summacum.lauder.hu\/index.php\/wp-json\/wp\/v2\/posts\/100\/revisions"}],"predecessor-version":[{"id":103,"href":"https:\/\/summacum.lauder.hu\/index.php\/wp-json\/wp\/v2\/posts\/100\/revisions\/103"}],"wp:featuredmedia":[{"embeddable":true,"href":"https:\/\/summacum.lauder.hu\/index.php\/wp-json\/wp\/v2\/media\/101"}],"wp:attachment":[{"href":"https:\/\/summacum.lauder.hu\/index.php\/wp-json\/wp\/v2\/media?parent=100"}],"wp:term":[{"taxonomy":"category","embeddable":true,"href":"https:\/\/summacum.lauder.hu\/index.php\/wp-json\/wp\/v2\/categories?post=100"},{"taxonomy":"post_tag","embeddable":true,"href":"https:\/\/summacum.lauder.hu\/index.php\/wp-json\/wp\/v2\/tags?post=100"}],"curies":[{"name":"wp","href":"https:\/\/api.w.org\/{rel}","templated":true}]}}