{"id":1004,"date":"2023-04-04T06:50:41","date_gmt":"2023-04-04T06:50:41","guid":{"rendered":"https:\/\/4t.lauder.hu\/?p=1004"},"modified":"2023-04-04T06:50:41","modified_gmt":"2023-04-04T06:50:41","slug":"haifai-cserediakok-es-vendeglatoik-a-csopaban","status":"publish","type":"post","link":"https:\/\/summacum.lauder.hu\/index.php\/2023\/04\/04\/haifai-cserediakok-es-vendeglatoik-a-csopaban\/","title":{"rendered":"Haifai cseredi\u00e1kok \u00e9s vend\u00e9gl\u00e1t\u00f3ik a Csop\u00e1ban"},"content":{"rendered":"\n<p>STEAM oktat\u00e1si programjaink keret\u00e9ben m\u00e1rcius 27-\u00e9n a nyolcadik \u00e9vfolyamosokn\u00e1l vend\u00e9gesked\u0151 haifai cseredi\u00e1kok l\u00e1togattak el a <em>Csod\u00e1k Palot\u00e1j\u00e1ba<\/em> <strong><em>M\u00e1hr Kinga<\/em><\/strong>, <strong><em>Feny\u0151 \u00c1gnes<\/em><\/strong> \u00e9s az izraeli tan\u00e1rok vezet\u00e9s\u00e9vel. <\/p>\n\n\n\n<p>A di\u00e1kokat <strong><em>Pasztern\u00e1k Andr\u00e1s<\/em><\/strong>, iskol\u00e1nk STEAM-programkoordin\u00e1tora, a <em>Csopa<\/em> tudom\u00e1nykommunik\u00e1ci\u00f3s vezet\u0151je k\u00f6sz\u00f6nt\u00f6tte a tudom\u00e1nyos \u00e9lm\u00e9nyk\u00f6zpontban. A <strong>CsopOlimpia<\/strong> keret\u00e9ben, hatf\u0151s csoportokban fedezt\u00e9k fel a fiatalok a tematikus egys\u00e9geket. A Richter Gedeon labor felkeres\u00e9se ut\u00e1n egy angolnyelv\u0171 elektromos k\u00eds\u00e9rlet bemutat\u00f3ra ker\u00fclt sor az \u00d6veges sz\u00ednpadon <strong><em>Sipos Triszt\u00e1n<\/em><\/strong> el\u0151ad\u00e1s\u00e1ban. <\/p>\n\n\n\n<p>A csapat tudom\u00e1nyos \u00e9lm\u00e9nyekkel gazdagodva folytatta egyhetes programj\u00e1t az iskol\u00e1ban \u00e9s a tov\u00e1bbi k\u00fcls\u0151 helysz\u00edneken. <\/p>\n","protected":false},"excerpt":{"rendered":"<p>STEAM oktat\u00e1si programjaink keret\u00e9ben m\u00e1rcius 27-\u00e9n a nyolcadik \u00e9vfolyamosokn\u00e1l vend\u00e9gesked\u0151 haifai cseredi\u00e1kok l\u00e1togattak el a Csod\u00e1k Palot\u00e1j\u00e1ba M\u00e1hr Kinga, Feny\u0151 \u00c1gnes \u00e9s az izraeli tan\u00e1rok vezet\u00e9s\u00e9vel. A di\u00e1kokat Pasztern\u00e1k Andr\u00e1s, iskol\u00e1nk STEAM-programkoordin\u00e1tora, a Csopa tudom\u00e1nykommunik\u00e1ci\u00f3s vezet\u0151je k\u00f6sz\u00f6nt\u00f6tte a tudom\u00e1nyos \u00e9lm\u00e9nyk\u00f6zpontban. A CsopOlimpia keret\u00e9ben, hatf\u0151s csoportokban fedezt\u00e9k fel a fiatalok a tematikus egys\u00e9geket. A Richter Gedeon labor felkeres\u00e9se ut\u00e1n egy angolnyelv\u0171 elektromos k\u00eds\u00e9rlet bemutat\u00f3ra ker\u00fclt sor az \u00d6veges sz\u00ednpadon Sipos Triszt\u00e1n el\u0151ad\u00e1s\u00e1ban. A csapat tudom\u00e1nyos \u00e9lm\u00e9nyekkel gazdagodva folytatta egyhetes programj\u00e1t az<\/p>\n","protected":false},"author":3,"featured_media":1005,"comment_status":"closed","ping_status":"open","sticky":false,"template":"","format":"standard","meta":[],"categories":[18],"tags":[106,219,19,27,16,35],"_links":{"self":[{"href":"https:\/\/summacum.lauder.hu\/index.php\/wp-json\/wp\/v2\/posts\/1004"}],"collection":[{"href":"https:\/\/summacum.lauder.hu\/index.php\/wp-json\/wp\/v2\/posts"}],"about":[{"href":"https:\/\/summacum.lauder.hu\/index.php\/wp-json\/wp\/v2\/types\/post"}],"author":[{"embeddable":true,"href":"https:\/\/summacum.lauder.hu\/index.php\/wp-json\/wp\/v2\/users\/3"}],"replies":[{"embeddable":true,"href":"https:\/\/summacum.lauder.hu\/index.php\/wp-json\/wp\/v2\/comments?post=1004"}],"version-history":[{"count":2,"href":"https:\/\/summacum.lauder.hu\/index.php\/wp-json\/wp\/v2\/posts\/1004\/revisions"}],"predecessor-version":[{"id":1007,"href":"https:\/\/summacum.lauder.hu\/index.php\/wp-json\/wp\/v2\/posts\/1004\/revisions\/1007"}],"wp:featuredmedia":[{"embeddable":true,"href":"https:\/\/summacum.lauder.hu\/index.php\/wp-json\/wp\/v2\/media\/1005"}],"wp:attachment":[{"href":"https:\/\/summacum.lauder.hu\/index.php\/wp-json\/wp\/v2\/media?parent=1004"}],"wp:term":[{"taxonomy":"category","embeddable":true,"href":"https:\/\/summacum.lauder.hu\/index.php\/wp-json\/wp\/v2\/categories?post=1004"},{"taxonomy":"post_tag","embeddable":true,"href":"https:\/\/summacum.lauder.hu\/index.php\/wp-json\/wp\/v2\/tags?post=1004"}],"curies":[{"name":"wp","href":"https:\/\/api.w.org\/{rel}","templated":true}]}}