{"id":134,"date":"2021-02-03T09:34:53","date_gmt":"2021-02-03T09:34:53","guid":{"rendered":"https:\/\/4t.lauder.hu\/?p=134"},"modified":"2021-02-08T09:14:56","modified_gmt":"2021-02-08T09:14:56","slug":"transzhumanizmus-kiterjesztett-valosag-projekt-a-vizualis-muveszetek-orakon","status":"publish","type":"post","link":"https:\/\/summacum.lauder.hu\/index.php\/2021\/02\/03\/transzhumanizmus-kiterjesztett-valosag-projekt-a-vizualis-muveszetek-orakon\/","title":{"rendered":"Transzhumanizmus &#8211; Kiterjesztett val\u00f3s\u00e1g projekt a vizu\u00e1lis m\u0171v\u00e9szetek \u00f3r\u00e1kon"},"content":{"rendered":"\n<p>A f\u00e9l\u00e9v sor\u00e1n a kilencedik oszt\u00e1lyosok vizu\u00e1lis m\u0171v\u00e9szetek \u00f3r\u00e1j\u00e1n a transzhumanizmus \u00e9s a kiterjesztett val\u00f3s\u00e1g k\u00e9rd\u00e9sei ker\u00fcltek el\u0151t\u00e9rbe. A tanul\u00f3k csapatokban dolgoztak \u00e9s k\u00fcl\u00f6nb\u00f6z\u0151 r\u00f6videbb vagy hosszabb projekteket vittek v\u00e9gig.<\/p>\n\n\n\n<p>A f\u00e9l\u00e9v k\u00f6zponti feladata az \u00fagynevezett AR plak\u00e1tok (Augmented Reality) l\u00e9trehoz\u00e1sa volt. Az AR plak\u00e1tok olyan vizu\u00e1lisan megjelen\u00edthet\u0151 anyagok, melyek virtu\u00e1lis ter\u00e9be az Artivive telefonos applik\u00e1ci\u00f3 seg\u00edts\u00e9g\u00e9vel lehet betekinteni. A telefon f\u00e9nyk\u00e9pez\u0151 funkci\u00f3j\u00e1nak haszn\u00e1lat\u00e1val k\u00fcl\u00f6nb\u00f6z\u0151 m\u00e9dia anyagok, \u00e9s virtu\u00e1lis &#8211; vizu\u00e1lis funkci\u00f3k ker\u00fclnek l\u00e1that\u00f3v\u00e1.<\/p>\n\n\n\n<p>A transzhumanizmus megismer\u00e9se mellett a di\u00e1kok az Ut\u00f3pia\/Diszt\u00f3pia k\u00e9rd\u00e9sk\u00f6r\u00e9vel is foglalkoztak. R\u00f6vidfilmek elk\u00e9sz\u00edt\u00e9s\u00e9vel dolgozt\u00e1k fel az \u00e1ltaluk v\u00e1lasztott t\u00e9m\u00e1kat.<\/p>\n\n\n\n<p>A di\u00e1kok a projekteket Szarvas Ildik\u00f3 \u00e9s Szirtes Aliz tan\u00e1ri vezet\u00e9s\u00e9vel bonyol\u00edtott\u00e1k le.\u00a0<\/p>\n\n\n\n<p><em>Di\u00e1kok AR plak\u00e1t alkot\u00e1sai:<\/em><\/p>\n\n\n\n<figure class=\"wp-block-video\"><video controls src=\"https:\/\/4t.lauder.hu\/wp-content\/uploads\/2021\/02\/Artivive-6A16A58B-DAA9-413B-8208-A991E0C6092F.mov\"><\/video><figcaption><em>Szab\u00f3 Vilmos (H\u00e1rim)<\/em><\/figcaption><\/figure>\n\n\n\n<figure class=\"wp-block-video\"><video controls src=\"https:\/\/4t.lauder.hu\/wp-content\/uploads\/2021\/02\/Artivive-8A2316FE-48C1-4490-B8C1-17EC5CC00BDA.mov\"><\/video><figcaption><em>Powell Rozi (H\u00e1rim)<\/em><\/figcaption><\/figure>\n","protected":false},"excerpt":{"rendered":"<p>A f\u00e9l\u00e9v sor\u00e1n a kilencedik oszt\u00e1lyosok vizu\u00e1lis m\u0171v\u00e9szetek \u00f3r\u00e1j\u00e1n a transzhumanizmus \u00e9s a kiterjesztett val\u00f3s\u00e1g k\u00e9rd\u00e9sei ker\u00fcltek el\u0151t\u00e9rbe. A tanul\u00f3k csapatokban dolgoztak \u00e9s k\u00fcl\u00f6nb\u00f6z\u0151 r\u00f6videbb vagy hosszabb projekteket vittek v\u00e9gig. A f\u00e9l\u00e9v k\u00f6zponti feladata az \u00fagynevezett AR plak\u00e1tok (Augmented Reality) l\u00e9trehoz\u00e1sa volt. Az AR plak\u00e1tok olyan vizu\u00e1lisan megjelen\u00edthet\u0151 anyagok, melyek virtu\u00e1lis ter\u00e9be az Artivive telefonos applik\u00e1ci\u00f3 seg\u00edts\u00e9g\u00e9vel lehet betekinteni. A telefon f\u00e9nyk\u00e9pez\u0151 funkci\u00f3j\u00e1nak haszn\u00e1lat\u00e1val k\u00fcl\u00f6nb\u00f6z\u0151 m\u00e9dia anyagok, \u00e9s virtu\u00e1lis &#8211; vizu\u00e1lis funkci\u00f3k ker\u00fclnek l\u00e1that\u00f3v\u00e1. A transzhumanizmus megismer\u00e9se mellett a di\u00e1kok<\/p>\n","protected":false},"author":2,"featured_media":135,"comment_status":"open","ping_status":"open","sticky":false,"template":"","format":"standard","meta":[],"categories":[18],"tags":[42,50,43,49,48,35],"_links":{"self":[{"href":"https:\/\/summacum.lauder.hu\/index.php\/wp-json\/wp\/v2\/posts\/134"}],"collection":[{"href":"https:\/\/summacum.lauder.hu\/index.php\/wp-json\/wp\/v2\/posts"}],"about":[{"href":"https:\/\/summacum.lauder.hu\/index.php\/wp-json\/wp\/v2\/types\/post"}],"author":[{"embeddable":true,"href":"https:\/\/summacum.lauder.hu\/index.php\/wp-json\/wp\/v2\/users\/2"}],"replies":[{"embeddable":true,"href":"https:\/\/summacum.lauder.hu\/index.php\/wp-json\/wp\/v2\/comments?post=134"}],"version-history":[{"count":6,"href":"https:\/\/summacum.lauder.hu\/index.php\/wp-json\/wp\/v2\/posts\/134\/revisions"}],"predecessor-version":[{"id":155,"href":"https:\/\/summacum.lauder.hu\/index.php\/wp-json\/wp\/v2\/posts\/134\/revisions\/155"}],"wp:featuredmedia":[{"embeddable":true,"href":"https:\/\/summacum.lauder.hu\/index.php\/wp-json\/wp\/v2\/media\/135"}],"wp:attachment":[{"href":"https:\/\/summacum.lauder.hu\/index.php\/wp-json\/wp\/v2\/media?parent=134"}],"wp:term":[{"taxonomy":"category","embeddable":true,"href":"https:\/\/summacum.lauder.hu\/index.php\/wp-json\/wp\/v2\/categories?post=134"},{"taxonomy":"post_tag","embeddable":true,"href":"https:\/\/summacum.lauder.hu\/index.php\/wp-json\/wp\/v2\/tags?post=134"}],"curies":[{"name":"wp","href":"https:\/\/api.w.org\/{rel}","templated":true}]}}