{"id":1396,"date":"2023-09-28T16:37:32","date_gmt":"2023-09-28T16:37:32","guid":{"rendered":"https:\/\/4t.lauder.hu\/?p=1396"},"modified":"2023-09-28T19:30:47","modified_gmt":"2023-09-28T19:30:47","slug":"jad-a-duna-buvoleteben","status":"publish","type":"post","link":"https:\/\/summacum.lauder.hu\/index.php\/2023\/09\/28\/jad-a-duna-buvoleteben\/","title":{"rendered":"JAD: A Duna b\u0171v\u00f6let\u00e9ben"},"content":{"rendered":"\n<p>A <a rel=\"noreferrer noopener\" href=\"https:\/\/4t.lauder.hu\/index.php\/2023\/09\/20\/jad-duna-workshop-miriam-neiger-fleischmannal\/\" data-type=\"URL\" data-id=\"https:\/\/4t.lauder.hu\/index.php\/2023\/09\/20\/jad-duna-workshop-miriam-neiger-fleischmannal\/\" target=\"_blank\">projektind\u00edt\u00f3 foglalkoz\u00e1st<\/a> k\u00f6vet\u0151en, ezen a h\u00e9ten az alkot\u00e1sra f\u00f3kusz\u00e1ltak a <strong><a href=\"https:\/\/4t.lauder.hu\/index.php\/jad-jewish-art-danube-projekt\/\">JAD \u2013 Jewish Art Danube<\/a><\/strong> r\u00e9sztvev\u0151i. A k\u00f6lt\u0151 verssorai \u00e1ltal ihletett k\u00e9peken dolgoztak a fiatalok. <\/p>\n\n\n\n<p>A bor\u00edt\u00f3n <strong><em>Miriam Neiger-Fleischmann<\/em><\/strong> fest\u0151m\u0171v\u00e9sz &#8211; a workshopon k\u00e9sz\u00fclt &#8211; foly\u00f3parti naplement\u00e9je l\u00e1that\u00f3. <\/p>\n\n\n\n<p>Egy kis \u00edzel\u00edt\u0151 az els\u0151 alkot\u00e1sokb\u00f3l: <\/p>\n\n\n\n<figure class=\"wp-block-image size-large\"><img loading=\"lazy\" width=\"674\" height=\"1024\" src=\"https:\/\/4t.lauder.hu\/wp-content\/uploads\/2023\/09\/JADk02-674x1024.jpg\" alt=\"\" class=\"wp-image-1398\" srcset=\"https:\/\/summacum.lauder.hu\/wp-content\/uploads\/2023\/09\/JADk02-674x1024.jpg 674w, https:\/\/summacum.lauder.hu\/wp-content\/uploads\/2023\/09\/JADk02-198x300.jpg 198w, https:\/\/summacum.lauder.hu\/wp-content\/uploads\/2023\/09\/JADk02.jpg 741w\" sizes=\"(max-width: 674px) 100vw, 674px\" \/><figcaption><em><strong>Seres Hanna<\/strong> festm\u00e9nye<\/em><\/figcaption><\/figure>\n\n\n\n<figure class=\"wp-block-image size-large\"><img loading=\"lazy\" width=\"1024\" height=\"872\" src=\"https:\/\/4t.lauder.hu\/wp-content\/uploads\/2023\/09\/JADk01-1024x872.jpg\" alt=\"\" class=\"wp-image-1399\" srcset=\"https:\/\/summacum.lauder.hu\/wp-content\/uploads\/2023\/09\/JADk01-1024x872.jpg 1024w, https:\/\/summacum.lauder.hu\/wp-content\/uploads\/2023\/09\/JADk01-300x256.jpg 300w, https:\/\/summacum.lauder.hu\/wp-content\/uploads\/2023\/09\/JADk01-768x654.jpg 768w, https:\/\/summacum.lauder.hu\/wp-content\/uploads\/2023\/09\/JADk01.jpg 1169w\" sizes=\"(max-width: 1024px) 100vw, 1024px\" \/><figcaption><em><strong>Szathm\u00e1ry Papp J\u00e1zmin<\/strong> festm\u00e9nye<\/em><\/figcaption><\/figure>\n\n\n\n<p><\/p>\n","protected":false},"excerpt":{"rendered":"<p>A projektind\u00edt\u00f3 foglalkoz\u00e1st k\u00f6vet\u0151en, ezen a h\u00e9ten az alkot\u00e1sra f\u00f3kusz\u00e1ltak a JAD \u2013 Jewish Art Danube r\u00e9sztvev\u0151i. A k\u00f6lt\u0151 verssorai \u00e1ltal ihletett k\u00e9peken dolgoztak a fiatalok. A bor\u00edt\u00f3n Miriam Neiger-Fleischmann fest\u0151m\u0171v\u00e9sz &#8211; a workshopon k\u00e9sz\u00fclt &#8211; foly\u00f3parti naplement\u00e9je l\u00e1that\u00f3. Egy kis \u00edzel\u00edt\u0151 az els\u0151 alkot\u00e1sokb\u00f3l:<\/p>\n","protected":false},"author":3,"featured_media":1410,"comment_status":"closed","ping_status":"open","sticky":false,"template":"","format":"standard","meta":[],"categories":[245,325],"tags":[326,329,328,204],"_links":{"self":[{"href":"https:\/\/summacum.lauder.hu\/index.php\/wp-json\/wp\/v2\/posts\/1396"}],"collection":[{"href":"https:\/\/summacum.lauder.hu\/index.php\/wp-json\/wp\/v2\/posts"}],"about":[{"href":"https:\/\/summacum.lauder.hu\/index.php\/wp-json\/wp\/v2\/types\/post"}],"author":[{"embeddable":true,"href":"https:\/\/summacum.lauder.hu\/index.php\/wp-json\/wp\/v2\/users\/3"}],"replies":[{"embeddable":true,"href":"https:\/\/summacum.lauder.hu\/index.php\/wp-json\/wp\/v2\/comments?post=1396"}],"version-history":[{"count":4,"href":"https:\/\/summacum.lauder.hu\/index.php\/wp-json\/wp\/v2\/posts\/1396\/revisions"}],"predecessor-version":[{"id":1404,"href":"https:\/\/summacum.lauder.hu\/index.php\/wp-json\/wp\/v2\/posts\/1396\/revisions\/1404"}],"wp:featuredmedia":[{"embeddable":true,"href":"https:\/\/summacum.lauder.hu\/index.php\/wp-json\/wp\/v2\/media\/1410"}],"wp:attachment":[{"href":"https:\/\/summacum.lauder.hu\/index.php\/wp-json\/wp\/v2\/media?parent=1396"}],"wp:term":[{"taxonomy":"category","embeddable":true,"href":"https:\/\/summacum.lauder.hu\/index.php\/wp-json\/wp\/v2\/categories?post=1396"},{"taxonomy":"post_tag","embeddable":true,"href":"https:\/\/summacum.lauder.hu\/index.php\/wp-json\/wp\/v2\/tags?post=1396"}],"curies":[{"name":"wp","href":"https:\/\/api.w.org\/{rel}","templated":true}]}}