{"id":1508,"date":"2023-10-25T12:43:30","date_gmt":"2023-10-25T12:43:30","guid":{"rendered":"https:\/\/4t.lauder.hu\/?p=1508"},"modified":"2023-11-16T21:43:29","modified_gmt":"2023-11-16T21:43:29","slug":"tudomanyos-elmenynapokkal-varja-az-iskolai-csoportokat-a-lauder-mit-diaklabor","status":"publish","type":"post","link":"https:\/\/summacum.lauder.hu\/index.php\/2023\/10\/25\/tudomanyos-elmenynapokkal-varja-az-iskolai-csoportokat-a-lauder-mit-diaklabor\/","title":{"rendered":"Tudom\u00e1nyos \u00e9lm\u00e9nynapokkal v\u00e1rja az iskolai csoportokat a Lauder MIT Di\u00e1klabor"},"content":{"rendered":"\n<p>H\u00e1rom \u00f3ra tudom\u00e1nyos kalandoz\u00e1s az \u0171rkutat\u00e1s, az energia \u00e9s a mesters\u00e9ges intelligencia t\u00e9mak\u00f6r\u00f6kben, ez a<strong> &#8220;Legyetek Ti is MULTIV\u00c1TOROK!&#8221;<\/strong> \u00e9lm\u00e9nynap. <\/p>\n\n\n\n<p>A 7-13. \u00e9vfolyamos iskolai csoportokat szeretettel v\u00e1rjuk a <strong><a href=\"https:\/\/4t.lauder.hu\/index.php\/lauder-mit\/\" data-type=\"URL\" data-id=\"https:\/\/4t.lauder.hu\/index.php\/lauder-mit\/\" target=\"_blank\" rel=\"noreferrer noopener\">Lauder Multiverzum Innov\u00e1ci\u00f3s T\u00e9r (MIT) <\/a><\/strong><a href=\"https:\/\/4t.lauder.hu\/index.php\/lauder-mit\/\" data-type=\"URL\" data-id=\"https:\/\/4t.lauder.hu\/index.php\/lauder-mit\/\" target=\"_blank\" rel=\"noreferrer noopener\"><strong>Di\u00e1klaborba<\/strong><\/a>. <\/p>\n\n\n\n<p>Az ingyenes programr\u00f3l, a szabad helyekr\u0151l tov\u00e1bbi inform\u00e1ci\u00f3 a 4t@lauder.hu c\u00edmen k\u00e9rhet\u0151. <\/p>\n\n\n\n<p><em>K\u00e9pes besz\u00e1mol\u00f3k:<\/em><\/p>\n\n\n\n<p><strong><a rel=\"noreferrer noopener\" href=\"https:\/\/4t.lauder.hu\/index.php\/2023\/10\/19\/legyetek-ti-is-multivatorok-az-elso-tudomanyos-elmenynap-a-lauder-mit-diaklaborban\/\" data-type=\"URL\" data-id=\"https:\/\/4t.lauder.hu\/index.php\/2023\/10\/19\/legyetek-ti-is-multivatorok-az-elso-tudomanyos-elmenynap-a-lauder-mit-diaklaborban\/\" target=\"_blank\">MULTIV\u00c1TOR #01<\/a> <\/strong><\/p>\n\n\n\n<p><a rel=\"noreferrer noopener\" href=\"https:\/\/4t.lauder.hu\/index.php\/2023\/11\/09\/multivator-02-ezzel-a-stirling-motorral-egesz-nap-tudnek-jatszani\/\" data-type=\"URL\" data-id=\"https:\/\/4t.lauder.hu\/index.php\/2023\/11\/09\/multivator-02-ezzel-a-stirling-motorral-egesz-nap-tudnek-jatszani\/\" target=\"_blank\"><strong>MULTIV\u00c1ROR #02<\/strong><\/a><\/p>\n\n\n\n<p><strong><a rel=\"noreferrer noopener\" href=\"https:\/\/4t.lauder.hu\/index.php\/2023\/11\/14\/multivator-03-gozgepek-urszemet-kozepiskolasok-a-multivator-kepzesen\/\" data-type=\"URL\" data-id=\"https:\/\/4t.lauder.hu\/index.php\/2023\/11\/14\/multivator-03-gozgepek-urszemet-kozepiskolasok-a-multivator-kepzesen\/\" target=\"_blank\">MULTIV\u00c1TOR #03<\/a><\/strong><\/p>\n\n\n\n<p><strong><a href=\"https:\/\/4t.lauder.hu\/index.php\/2023\/11\/16\/multivator-04-puha-robotok-kalandozas-az-ipari-forradalom-korszakaban-csillagaszati-feltekinto\/?fbclid=IwAR15GAdP7MIb8YvdaevEzRUoR_v-6ryAxkxUbEgapx2zrJ0Mpq3FWogK0jk\" data-type=\"URL\" data-id=\"https:\/\/4t.lauder.hu\/index.php\/2023\/11\/16\/multivator-04-puha-robotok-kalandozas-az-ipari-forradalom-korszakaban-csillagaszati-feltekinto\/?fbclid=IwAR15GAdP7MIb8YvdaevEzRUoR_v-6ryAxkxUbEgapx2zrJ0Mpq3FWogK0jk\" target=\"_blank\" rel=\"noreferrer noopener\">MULTIV\u00c1TOR #04<\/a><\/strong><\/p>\n\n\n\n<p>\u2014<\/p>\n\n\n\n<p><em>A p\u00e1ly\u00e1zat k\u00f3dja: 2022-3.1.1-DI\u00c1KLABOR-2022-00001<\/em><\/p>\n\n\n\n<p><em>Kedvezm\u00e9nyezett: Vil\u00e1gi Zsid\u00f3 Iskola Alap\u00edtv\u00e1ny<\/em><\/p>\n\n\n\n<p><em>Megval\u00f3s\u00edt\u00e1si helysz\u00edn: Lauder Javne Zsid\u00f3 K\u00f6z\u00f6ss\u00e9gi \u00d3voda, \u00c1ltal\u00e1nos Iskola, Gimn\u00e1zium \u00e9s Zenei Alapfok\u00fa M\u0171v\u00e9szeti Iskola<\/em><\/p>\n\n\n\n<p><em>T\u00e1mogat\u00f3: Nemzeti Kutat\u00e1si, Fejleszt\u00e9si \u00e9s Innov\u00e1ci\u00f3s Hivatal, az NKFI Alapb\u00f3l megval\u00f3sul\u00f3 projekt, Nemzeti Innov\u00e1ci\u00f3s \u00dcgyn\u00f6ks\u00e9g Nonprofit Zrt.<\/em><\/p>\n","protected":false},"excerpt":{"rendered":"<p>H\u00e1rom \u00f3ra tudom\u00e1nyos kalandoz\u00e1s az \u0171rkutat\u00e1s, az energia \u00e9s a mesters\u00e9ges intelligencia t\u00e9mak\u00f6r\u00f6kben, ez a &#8220;Legyetek Ti is MULTIV\u00c1TOROK!&#8221; \u00e9lm\u00e9nynap. A 7-13. \u00e9vfolyamos iskolai csoportokat szeretettel v\u00e1rjuk a Lauder Multiverzum Innov\u00e1ci\u00f3s T\u00e9r (MIT) Di\u00e1klaborba. Az ingyenes programr\u00f3l, a szabad helyekr\u0151l tov\u00e1bbi inform\u00e1ci\u00f3 a 4t@lauder.hu c\u00edmen k\u00e9rhet\u0151. K\u00e9pes besz\u00e1mol\u00f3k: MULTIV\u00c1TOR #01 MULTIV\u00c1ROR #02 MULTIV\u00c1TOR #03 MULTIV\u00c1TOR #04 \u2014 A p\u00e1ly\u00e1zat k\u00f3dja: 2022-3.1.1-DI\u00c1KLABOR-2022-00001 Kedvezm\u00e9nyezett: Vil\u00e1gi Zsid\u00f3 Iskola Alap\u00edtv\u00e1ny Megval\u00f3s\u00edt\u00e1si helysz\u00edn: Lauder Javne Zsid\u00f3 K\u00f6z\u00f6ss\u00e9gi \u00d3voda, \u00c1ltal\u00e1nos Iskola, Gimn\u00e1zium \u00e9s Zenei Alapfok\u00fa M\u0171v\u00e9szeti<\/p>\n","protected":false},"author":3,"featured_media":1509,"comment_status":"closed","ping_status":"open","sticky":false,"template":"","format":"standard","meta":[],"categories":[321,322,324,341],"tags":[199,121,342,35,24],"_links":{"self":[{"href":"https:\/\/summacum.lauder.hu\/index.php\/wp-json\/wp\/v2\/posts\/1508"}],"collection":[{"href":"https:\/\/summacum.lauder.hu\/index.php\/wp-json\/wp\/v2\/posts"}],"about":[{"href":"https:\/\/summacum.lauder.hu\/index.php\/wp-json\/wp\/v2\/types\/post"}],"author":[{"embeddable":true,"href":"https:\/\/summacum.lauder.hu\/index.php\/wp-json\/wp\/v2\/users\/3"}],"replies":[{"embeddable":true,"href":"https:\/\/summacum.lauder.hu\/index.php\/wp-json\/wp\/v2\/comments?post=1508"}],"version-history":[{"count":5,"href":"https:\/\/summacum.lauder.hu\/index.php\/wp-json\/wp\/v2\/posts\/1508\/revisions"}],"predecessor-version":[{"id":1582,"href":"https:\/\/summacum.lauder.hu\/index.php\/wp-json\/wp\/v2\/posts\/1508\/revisions\/1582"}],"wp:featuredmedia":[{"embeddable":true,"href":"https:\/\/summacum.lauder.hu\/index.php\/wp-json\/wp\/v2\/media\/1509"}],"wp:attachment":[{"href":"https:\/\/summacum.lauder.hu\/index.php\/wp-json\/wp\/v2\/media?parent=1508"}],"wp:term":[{"taxonomy":"category","embeddable":true,"href":"https:\/\/summacum.lauder.hu\/index.php\/wp-json\/wp\/v2\/categories?post=1508"},{"taxonomy":"post_tag","embeddable":true,"href":"https:\/\/summacum.lauder.hu\/index.php\/wp-json\/wp\/v2\/tags?post=1508"}],"curies":[{"name":"wp","href":"https:\/\/api.w.org\/{rel}","templated":true}]}}