{"id":1594,"date":"2023-11-23T18:02:36","date_gmt":"2023-11-23T18:02:36","guid":{"rendered":"https:\/\/4t.lauder.hu\/?p=1594"},"modified":"2023-11-23T20:20:15","modified_gmt":"2023-11-23T20:20:15","slug":"innolab-3d-s-anatomiai-atlasz-es-gravitacios-kuldetes","status":"publish","type":"post","link":"https:\/\/summacum.lauder.hu\/index.php\/2023\/11\/23\/innolab-3d-s-anatomiai-atlasz-es-gravitacios-kuldetes\/","title":{"rendered":"INNOlab: 3D-s anat\u00f3miai atlasz \u00e9s gravit\u00e1ci\u00f3s k\u00fcldet\u00e9s"},"content":{"rendered":"\n<p>Cs\u00fct\u00f6rt\u00f6k\u00f6n d\u00e9lut\u00e1n folytat\u00f3dott az<strong><a rel=\"noreferrer noopener\" href=\"https:\/\/4t.lauder.hu\/index.php\/category\/innolab-diak-innovator-klub\/\" data-type=\"URL\" data-id=\"https:\/\/4t.lauder.hu\/index.php\/category\/innolab-diak-innovator-klub\/\" target=\"_blank\"> INNOlab &#8211; Di\u00e1k Innov\u00e1torok Klubja <\/a><\/strong>szakk\u00f6r\u00fcnk. A m\u0171helyfoglalkoz\u00e1s els\u0151 fel\u00e9ben a <em>z-Space termin\u00e1lokon<\/em> fut\u00f3 anat\u00f3miai atlasz pr\u00f3baverzi\u00f3j\u00e1t tesztelt\u00fck. A 3D-s, r\u00e9szletgazdag grafika, az anim\u00e1ci\u00f3k leny\u0171g\u00f6zt\u00e9k a r\u00e9sztvev\u0151ket. <\/p>\n\n\n\n<figure class=\"wp-block-image size-large\"><img loading=\"lazy\" width=\"1024\" height=\"458\" src=\"https:\/\/4t.lauder.hu\/wp-content\/uploads\/2023\/11\/inno2323-01-1024x458.jpg\" alt=\"\" class=\"wp-image-1598\" srcset=\"https:\/\/summacum.lauder.hu\/wp-content\/uploads\/2023\/11\/inno2323-01-1024x458.jpg 1024w, https:\/\/summacum.lauder.hu\/wp-content\/uploads\/2023\/11\/inno2323-01-300x134.jpg 300w, https:\/\/summacum.lauder.hu\/wp-content\/uploads\/2023\/11\/inno2323-01-768x344.jpg 768w, https:\/\/summacum.lauder.hu\/wp-content\/uploads\/2023\/11\/inno2323-01-1536x687.jpg 1536w, https:\/\/summacum.lauder.hu\/wp-content\/uploads\/2023\/11\/inno2323-01-1170x523.jpg 1170w, https:\/\/summacum.lauder.hu\/wp-content\/uploads\/2023\/11\/inno2323-01.jpg 1556w\" sizes=\"(max-width: 1024px) 100vw, 1024px\" \/><\/figure>\n\n\n\n<p>A program m\u00e1sodik fel\u00e9ben a <em>Selye J\u00e1nos Di\u00e1klaborh\u00e1l\u00f3zat<\/em> p\u00e1ly\u00e1zat keret\u00e9ben beszerzett gravit\u00e1ci\u00f3s \u00e9p\u00edt\u0151k\u00e9szleteket pr\u00f3b\u00e1ltuk ki k\u00fcl\u00f6nb\u00f6z\u0151 k\u00fcldet\u00e9seket teljes\u00edtve. A vari\u00e1ci\u00f3k v\u00e9gtelen t\u00e1rh\u00e1za beszippantotta az \u00e9rdekl\u0151d\u0151ket, a workshop v\u00e9g\u00e9n szinte alig tudtuk abbahagyni az \u00e9p\u00edtkez\u00e9st.  <\/p>\n\n\n\n<p>\u2014<\/p>\n\n\n\n<p><em>A p\u00e1ly\u00e1zat k\u00f3dja: 2022-3.1.1-DI\u00c1KLABOR-2022-00001<\/em><\/p>\n\n\n\n<p><em>Kedvezm\u00e9nyezett: Vil\u00e1gi Zsid\u00f3 Iskola Alap\u00edtv\u00e1ny<\/em><\/p>\n\n\n\n<p><em>Megval\u00f3s\u00edt\u00e1si helysz\u00edn: Lauder Javne Zsid\u00f3 K\u00f6z\u00f6ss\u00e9gi \u00d3voda, \u00c1ltal\u00e1nos Iskola, Gimn\u00e1zium \u00e9s Zenei Alapfok\u00fa M\u0171v\u00e9szeti Iskola<\/em><\/p>\n\n\n\n<p><em>T\u00e1mogat\u00f3: Nemzeti Kutat\u00e1si, Fejleszt\u00e9si \u00e9s Innov\u00e1ci\u00f3s Hivatal, az NKFI Alapb\u00f3l megval\u00f3sul\u00f3 projekt, Nemzeti Innov\u00e1ci\u00f3s \u00dcgyn\u00f6ks\u00e9g Nonprofit Zrt.<\/em><\/p>\n","protected":false},"excerpt":{"rendered":"<p>Cs\u00fct\u00f6rt\u00f6k\u00f6n d\u00e9lut\u00e1n folytat\u00f3dott az INNOlab &#8211; Di\u00e1k Innov\u00e1torok Klubja szakk\u00f6r\u00fcnk. A m\u0171helyfoglalkoz\u00e1s els\u0151 fel\u00e9ben a z-Space termin\u00e1lokon fut\u00f3 anat\u00f3miai atlasz pr\u00f3baverzi\u00f3j\u00e1t tesztelt\u00fck. A 3D-s, r\u00e9szletgazdag grafika, az anim\u00e1ci\u00f3k leny\u0171g\u00f6zt\u00e9k a r\u00e9sztvev\u0151ket. A program m\u00e1sodik fel\u00e9ben a Selye J\u00e1nos Di\u00e1klaborh\u00e1l\u00f3zat p\u00e1ly\u00e1zat keret\u00e9ben beszerzett gravit\u00e1ci\u00f3s \u00e9p\u00edt\u0151k\u00e9szleteket pr\u00f3b\u00e1ltuk ki k\u00fcl\u00f6nb\u00f6z\u0151 k\u00fcldet\u00e9seket teljes\u00edtve. A vari\u00e1ci\u00f3k v\u00e9gtelen t\u00e1rh\u00e1za beszippantotta az \u00e9rdekl\u0151d\u0151ket, a workshop v\u00e9g\u00e9n szinte alig tudtuk abbahagyni az \u00e9p\u00edtkez\u00e9st. \u2014 A p\u00e1ly\u00e1zat k\u00f3dja: 2022-3.1.1-DI\u00c1KLABOR-2022-00001 Kedvezm\u00e9nyezett: Vil\u00e1gi Zsid\u00f3 Iskola Alap\u00edtv\u00e1ny Megval\u00f3s\u00edt\u00e1si helysz\u00edn: Lauder Javne Zsid\u00f3<\/p>\n","protected":false},"author":3,"featured_media":1599,"comment_status":"closed","ping_status":"open","sticky":false,"template":"","format":"standard","meta":[],"categories":[245,130,321,322,324],"tags":[367,368,125,223],"_links":{"self":[{"href":"https:\/\/summacum.lauder.hu\/index.php\/wp-json\/wp\/v2\/posts\/1594"}],"collection":[{"href":"https:\/\/summacum.lauder.hu\/index.php\/wp-json\/wp\/v2\/posts"}],"about":[{"href":"https:\/\/summacum.lauder.hu\/index.php\/wp-json\/wp\/v2\/types\/post"}],"author":[{"embeddable":true,"href":"https:\/\/summacum.lauder.hu\/index.php\/wp-json\/wp\/v2\/users\/3"}],"replies":[{"embeddable":true,"href":"https:\/\/summacum.lauder.hu\/index.php\/wp-json\/wp\/v2\/comments?post=1594"}],"version-history":[{"count":2,"href":"https:\/\/summacum.lauder.hu\/index.php\/wp-json\/wp\/v2\/posts\/1594\/revisions"}],"predecessor-version":[{"id":1600,"href":"https:\/\/summacum.lauder.hu\/index.php\/wp-json\/wp\/v2\/posts\/1594\/revisions\/1600"}],"wp:featuredmedia":[{"embeddable":true,"href":"https:\/\/summacum.lauder.hu\/index.php\/wp-json\/wp\/v2\/media\/1599"}],"wp:attachment":[{"href":"https:\/\/summacum.lauder.hu\/index.php\/wp-json\/wp\/v2\/media?parent=1594"}],"wp:term":[{"taxonomy":"category","embeddable":true,"href":"https:\/\/summacum.lauder.hu\/index.php\/wp-json\/wp\/v2\/categories?post=1594"},{"taxonomy":"post_tag","embeddable":true,"href":"https:\/\/summacum.lauder.hu\/index.php\/wp-json\/wp\/v2\/tags?post=1594"}],"curies":[{"name":"wp","href":"https:\/\/api.w.org\/{rel}","templated":true}]}}