{"id":1660,"date":"2023-12-11T12:33:26","date_gmt":"2023-12-11T12:33:26","guid":{"rendered":"https:\/\/4t.lauder.hu\/?p=1660"},"modified":"2024-01-07T10:40:10","modified_gmt":"2024-01-07T10:40:10","slug":"jad-lauderesek-komaromban-kiallitasmegnyito-a-menhazban","status":"publish","type":"post","link":"https:\/\/summacum.lauder.hu\/index.php\/2023\/12\/11\/jad-lauderesek-komaromban-kiallitasmegnyito-a-menhazban\/","title":{"rendered":"JAD: Lauderesek Kom\u00e1romban &#8211; ki\u00e1ll\u00edt\u00e1smegnyit\u00f3 a Menh\u00e1zban"},"content":{"rendered":"\n<p>Vas\u00e1rnap d\u00e9lel\u0151tt, s\u0171r\u0171 h\u00f3es\u00e9sben indult \u00fatj\u00e1ra di\u00e1kjaink &#8211; <strong><em>Heisler Linda<\/em><\/strong>, <strong><em>Mo\u00f3sz Hanna<\/em><\/strong>, <em><strong>K\u00e1lloy Moln\u00e1r Istv\u00e1n <\/strong><\/em>&#8211;<em><strong> <\/strong><\/em>kis csoportja, <strong><em>Sz\u00e9kely Judit <\/em><\/strong>\u00e9s <strong><em>Pasztern\u00e1k Andr\u00e1s<\/em><\/strong> vezet\u00e9s\u00e9vel, hogy r\u00e9szt vegyen a <strong><a rel=\"noreferrer noopener\" href=\"https:\/\/4t.lauder.hu\/index.php\/jad-jewish-art-danube-projekt\/\" data-type=\"URL\" data-id=\"https:\/\/4t.lauder.hu\/index.php\/jad-jewish-art-danube-projekt\/\" target=\"_blank\">JAD &#8211; Jewish Art Danube<\/a> <\/strong>projekt ki\u00e1ll\u00edt\u00e1smegnyit\u00f3j\u00e1n a szlov\u00e1kiai Kom\u00e1romban. <\/p>\n\n\n\n<figure class=\"wp-block-image size-large\"><img loading=\"lazy\" width=\"1024\" height=\"768\" src=\"https:\/\/4t.lauder.hu\/wp-content\/uploads\/2023\/12\/jad-kn08-1024x768.jpg\" alt=\"\" class=\"wp-image-1671\" srcset=\"https:\/\/summacum.lauder.hu\/wp-content\/uploads\/2023\/12\/jad-kn08-1024x768.jpg 1024w, https:\/\/summacum.lauder.hu\/wp-content\/uploads\/2023\/12\/jad-kn08-300x225.jpg 300w, https:\/\/summacum.lauder.hu\/wp-content\/uploads\/2023\/12\/jad-kn08-768x576.jpg 768w, https:\/\/summacum.lauder.hu\/wp-content\/uploads\/2023\/12\/jad-kn08-1170x878.jpg 1170w, https:\/\/summacum.lauder.hu\/wp-content\/uploads\/2023\/12\/jad-kn08.jpg 1500w\" sizes=\"(max-width: 1024px) 100vw, 1024px\" \/><\/figure>\n\n\n\n<p>A <em><a rel=\"noreferrer noopener\" href=\"https:\/\/lauder.hu\/\" data-type=\"URL\" data-id=\"https:\/\/lauder.hu\/\" target=\"_blank\">Lauder Javne Iskola<\/a><\/em> \u00e9s a <a rel=\"noreferrer noopener\" href=\"http:\/\/menhaz.sk\/\" data-type=\"URL\" data-id=\"http:\/\/menhaz.sk\/\" target=\"_blank\"><em>Kom\u00e1romi Zsid\u00f3 Hitk\u00f6zs\u00e9g<\/em><\/a> egy\u00fcttm\u0171k\u00f6d\u00e9s\u00e9ben, a <strong>MAZS\u00d6K t\u00e1mogat\u00e1s\u00e1val <\/strong>megval\u00f3sul\u00f3 kezdem\u00e9nyez\u00e9s c\u00e9lja az volt, hogy a k\u00e9pz\u0151m\u0171v\u00e9szet eszk\u00f6zeivel bemutassa a Duna-menti zsid\u00f3 k\u00f6z\u00f6ss\u00e9gek \u00e9let\u00e9t, lehet\u0151v\u00e9 t\u00e9ve egym\u00e1s megismer\u00e9s\u00e9t, megismertet\u00e9s\u00e9t m\u00e1sokkal. <\/p>\n\n\n\n<figure class=\"wp-block-image size-large\"><img loading=\"lazy\" width=\"1024\" height=\"768\" src=\"https:\/\/4t.lauder.hu\/wp-content\/uploads\/2023\/12\/jad-kn02-1024x768.jpg\" alt=\"\" class=\"wp-image-1662\" srcset=\"https:\/\/summacum.lauder.hu\/wp-content\/uploads\/2023\/12\/jad-kn02-1024x768.jpg 1024w, https:\/\/summacum.lauder.hu\/wp-content\/uploads\/2023\/12\/jad-kn02-300x225.jpg 300w, https:\/\/summacum.lauder.hu\/wp-content\/uploads\/2023\/12\/jad-kn02-768x576.jpg 768w, https:\/\/summacum.lauder.hu\/wp-content\/uploads\/2023\/12\/jad-kn02-1536x1152.jpg 1536w, https:\/\/summacum.lauder.hu\/wp-content\/uploads\/2023\/12\/jad-kn02-2048x1536.jpg 2048w, https:\/\/summacum.lauder.hu\/wp-content\/uploads\/2023\/12\/jad-kn02-1170x878.jpg 1170w\" sizes=\"(max-width: 1024px) 100vw, 1024px\" \/><\/figure>\n\n\n\n<p>Meg\u00e9rkez\u00e9s\u00fcnk ut\u00e1n a t\u00e1rlat posztereit install\u00e1ltuk a <strong>Menh\u00e1z &#8211; Zsid\u00f3 Kultur\u00e1lis \u00e9s K\u00f6z\u00f6ss\u00e9gi K\u00f6zpontban<\/strong>. A zsinag\u00f3g\u00e1ban \u00e9s a <em>Schnitzer \u00c1rmin Mikrom\u00fazeumban<\/em> <strong><em>Andr\u00e1s<\/em><\/strong> mes\u00e9lt a k\u00f6z\u00f6ss\u00e9g m\u00faltj\u00e1r\u00f3l \u00e9s jelen\u00e9r\u0151l, majd elkezdt\u00fck a felk\u00e9sz\u00fcl\u00e9st a f\u00e9l h\u00e1romkor kezd\u0151d\u0151 hanukai \u00fcnneps\u00e9gre. <\/p>\n\n\n\n<figure class=\"wp-block-image size-large\"><img loading=\"lazy\" width=\"1024\" height=\"768\" src=\"https:\/\/4t.lauder.hu\/wp-content\/uploads\/2023\/12\/jad-kn11-1024x768.jpg\" alt=\"\" class=\"wp-image-1672\" srcset=\"https:\/\/summacum.lauder.hu\/wp-content\/uploads\/2023\/12\/jad-kn11-1024x768.jpg 1024w, https:\/\/summacum.lauder.hu\/wp-content\/uploads\/2023\/12\/jad-kn11-300x225.jpg 300w, https:\/\/summacum.lauder.hu\/wp-content\/uploads\/2023\/12\/jad-kn11-768x576.jpg 768w, https:\/\/summacum.lauder.hu\/wp-content\/uploads\/2023\/12\/jad-kn11-1536x1152.jpg 1536w, https:\/\/summacum.lauder.hu\/wp-content\/uploads\/2023\/12\/jad-kn11-2048x1536.jpg 2048w, https:\/\/summacum.lauder.hu\/wp-content\/uploads\/2023\/12\/jad-kn11-1170x878.jpg 1170w\" sizes=\"(max-width: 1024px) 100vw, 1024px\" \/><\/figure>\n\n\n\n<p>A Wallenstein Zolt\u00e1n terem szinte teljesen megtelt a helyi \u00e9s a r\u00e9gi\u00f3b\u00f3l \u00e9rkez\u0151 k\u00f6z\u00f6ss\u00e9gi tagokkal, \u00e9rdekl\u0151d\u0151kkel. A rendezv\u00e9nyt megtisztelte jelenl\u00e9t\u00e9vel <strong><em>Keszegh B\u00e9la<\/em><\/strong>, Kom\u00e1rom v\u00e1ros polg\u00e1rmestere \u00e9s <strong><em>Andrusk\u00f3 Imre<\/em><\/strong>, a <em>Selye J\u00e1nos Gimn\u00e1zium<\/em> igazgat\u00f3ja. <\/p>\n\n\n\n<figure class=\"wp-block-image size-large\"><img loading=\"lazy\" width=\"1024\" height=\"768\" src=\"https:\/\/4t.lauder.hu\/wp-content\/uploads\/2023\/12\/jad-kn04-1024x768.jpg\" alt=\"\" class=\"wp-image-1664\" srcset=\"https:\/\/summacum.lauder.hu\/wp-content\/uploads\/2023\/12\/jad-kn04-1024x768.jpg 1024w, https:\/\/summacum.lauder.hu\/wp-content\/uploads\/2023\/12\/jad-kn04-300x225.jpg 300w, https:\/\/summacum.lauder.hu\/wp-content\/uploads\/2023\/12\/jad-kn04-768x576.jpg 768w, https:\/\/summacum.lauder.hu\/wp-content\/uploads\/2023\/12\/jad-kn04-1536x1152.jpg 1536w, https:\/\/summacum.lauder.hu\/wp-content\/uploads\/2023\/12\/jad-kn04-2048x1536.jpg 2048w, https:\/\/summacum.lauder.hu\/wp-content\/uploads\/2023\/12\/jad-kn04-1170x878.jpg 1170w\" sizes=\"(max-width: 1024px) 100vw, 1024px\" \/><\/figure>\n\n\n\n<p>A vend\u00e9geket <strong><em>Pasztern\u00e1k Tam\u00e1s<\/em><\/strong>, a helyi hitk\u00f6zs\u00e9g programkoordin\u00e1tora k\u00f6sz\u00f6nt\u00f6tte. Az Izraelben d\u00fal\u00f3 h\u00e1bor\u00fa \u00e1ldozatai\u00e9rt, a g\u00e1zai fogs\u00e1gban l\u00e9v\u0151k\u00e9rt fellobbantak az eml\u00e9kez\u00e9s \u00e9s a rem\u00e9ny m\u00e9csesei. <\/p>\n\n\n\n<figure class=\"wp-block-image size-large\"><img loading=\"lazy\" width=\"1024\" height=\"768\" src=\"https:\/\/4t.lauder.hu\/wp-content\/uploads\/2023\/12\/jad-kn03-1024x768.jpg\" alt=\"\" class=\"wp-image-1663\" srcset=\"https:\/\/summacum.lauder.hu\/wp-content\/uploads\/2023\/12\/jad-kn03-1024x768.jpg 1024w, https:\/\/summacum.lauder.hu\/wp-content\/uploads\/2023\/12\/jad-kn03-300x225.jpg 300w, https:\/\/summacum.lauder.hu\/wp-content\/uploads\/2023\/12\/jad-kn03-768x576.jpg 768w, https:\/\/summacum.lauder.hu\/wp-content\/uploads\/2023\/12\/jad-kn03-1536x1152.jpg 1536w, https:\/\/summacum.lauder.hu\/wp-content\/uploads\/2023\/12\/jad-kn03-2048x1536.jpg 2048w, https:\/\/summacum.lauder.hu\/wp-content\/uploads\/2023\/12\/jad-kn03-1170x878.jpg 1170w\" sizes=\"(max-width: 1024px) 100vw, 1024px\" \/><\/figure>\n\n\n\n<p>A JAD-projekt alkot\u00f3i folyamat\u00e1r\u00f3l, a Duna \u00f6sszek\u00f6t\u0151 szerep\u00e9r\u0151l, a kom\u00e1romi sz\u00e1rmaz\u00e1s\u00fa, Jeruzs\u00e1lemben \u00e9l\u0151 fest\u0151-k\u00f6lt\u0151, <strong><em>Miriam Neiger-Fleischnann<\/em><\/strong> oktat\u00e1si int\u00e9zm\u00e9ny\u00fcnkben tartott <a rel=\"noreferrer noopener\" href=\"https:\/\/4t.lauder.hu\/index.php\/2023\/09\/20\/jad-duna-workshop-miriam-neiger-fleischmannal\/\" data-type=\"URL\" data-id=\"https:\/\/4t.lauder.hu\/index.php\/2023\/09\/20\/jad-duna-workshop-miriam-neiger-fleischmannal\/\" target=\"_blank\">m\u0171helyfoglalkoz\u00e1s\u00e1r\u00f3l<\/a> <strong><em>Pasztern\u00e1k Andr\u00e1s<\/em><\/strong>, iskol\u00e1nk STEAM-programkoordin\u00e1tora sz\u00f3lt az egybegy\u0171ltekhez. <\/p>\n\n\n\n<figure class=\"wp-block-image size-large\"><img loading=\"lazy\" width=\"1024\" height=\"768\" src=\"https:\/\/4t.lauder.hu\/wp-content\/uploads\/2023\/12\/jad-kn06-1024x768.jpg\" alt=\"\" class=\"wp-image-1666\" srcset=\"https:\/\/summacum.lauder.hu\/wp-content\/uploads\/2023\/12\/jad-kn06-1024x768.jpg 1024w, https:\/\/summacum.lauder.hu\/wp-content\/uploads\/2023\/12\/jad-kn06-300x225.jpg 300w, https:\/\/summacum.lauder.hu\/wp-content\/uploads\/2023\/12\/jad-kn06-768x576.jpg 768w, https:\/\/summacum.lauder.hu\/wp-content\/uploads\/2023\/12\/jad-kn06-1536x1152.jpg 1536w, https:\/\/summacum.lauder.hu\/wp-content\/uploads\/2023\/12\/jad-kn06-2048x1536.jpg 2048w, https:\/\/summacum.lauder.hu\/wp-content\/uploads\/2023\/12\/jad-kn06-1170x878.jpg 1170w\" sizes=\"(max-width: 1024px) 100vw, 1024px\" \/><\/figure>\n\n\n\n<p>A <strong><em>Szarvas Ildik\u00f3 <\/em><\/strong>\u00e1ltal koordin\u00e1lt &#8211; munk\u00e1j\u00e1t <strong><em>Sz\u00e9kely Judit<\/em><\/strong> \u00e9s <strong><em>Hord\u00f3s Boldizs\u00e1r <\/em><\/strong>seg\u00edtette &#8211; alkot\u00f3i tev\u00e9kenys\u00e9gbe a jelenl\u00e9v\u0151 di\u00e1kokon k\u00edv\u00fcl <strong><em>Seres Hanna<\/em><\/strong>, <strong><em>Sulyok Lili<\/em><\/strong>, <strong><em>Szathm\u00e1ry Papp J\u00e1zmin<\/em><\/strong>, a <em>Felleg <\/em>\u00e9s a <em>Gr\u00e1n\u00e1talma <\/em>oszt\u00e1ly kapcsol\u00f3dott be. <\/p>\n\n\n\n<figure class=\"wp-block-image size-large\"><img loading=\"lazy\" width=\"1024\" height=\"768\" src=\"https:\/\/4t.lauder.hu\/wp-content\/uploads\/2023\/12\/jad-kn05-1024x768.jpg\" alt=\"\" class=\"wp-image-1665\" srcset=\"https:\/\/summacum.lauder.hu\/wp-content\/uploads\/2023\/12\/jad-kn05-1024x768.jpg 1024w, https:\/\/summacum.lauder.hu\/wp-content\/uploads\/2023\/12\/jad-kn05-300x225.jpg 300w, https:\/\/summacum.lauder.hu\/wp-content\/uploads\/2023\/12\/jad-kn05-768x576.jpg 768w, https:\/\/summacum.lauder.hu\/wp-content\/uploads\/2023\/12\/jad-kn05-1536x1152.jpg 1536w, https:\/\/summacum.lauder.hu\/wp-content\/uploads\/2023\/12\/jad-kn05-2048x1536.jpg 2048w, https:\/\/summacum.lauder.hu\/wp-content\/uploads\/2023\/12\/jad-kn05-1170x878.jpg 1170w\" sizes=\"(max-width: 1024px) 100vw, 1024px\" \/><\/figure>\n\n\n\n<p>Az \u00fcnnepi program vid\u00e1m hangulat\u00e1r\u00f3l a <strong>Moj\u0161e&nbsp;Band<\/strong>&nbsp;gondoskodott. Az egy\u00fcttes a klasszikus klezmert \u00f6tv\u00f6zte a modern zen\u00e9vel. A hanukia negyedik l\u00e1ngj\u00e1t<strong><em> Kurucz \u00c1kos <\/em><\/strong>rabbi gy\u00fajtotta meg, tan\u00edt\u00e1s\u00e1ban az \u00fcnnep napjainkra vonatkoz\u00f3 \u00fczenet\u00e9t tolm\u00e1csolta. <\/p>\n\n\n\n<figure class=\"wp-block-image size-large\"><img loading=\"lazy\" width=\"1024\" height=\"534\" src=\"https:\/\/4t.lauder.hu\/wp-content\/uploads\/2023\/12\/jad-kn07-1024x534.jpg\" alt=\"\" class=\"wp-image-1668\" srcset=\"https:\/\/summacum.lauder.hu\/wp-content\/uploads\/2023\/12\/jad-kn07-1024x534.jpg 1024w, https:\/\/summacum.lauder.hu\/wp-content\/uploads\/2023\/12\/jad-kn07-300x156.jpg 300w, https:\/\/summacum.lauder.hu\/wp-content\/uploads\/2023\/12\/jad-kn07-768x400.jpg 768w, https:\/\/summacum.lauder.hu\/wp-content\/uploads\/2023\/12\/jad-kn07-1536x800.jpg 1536w, https:\/\/summacum.lauder.hu\/wp-content\/uploads\/2023\/12\/jad-kn07-1170x610.jpg 1170w, https:\/\/summacum.lauder.hu\/wp-content\/uploads\/2023\/12\/jad-kn07.jpg 2000w\" sizes=\"(max-width: 1024px) 100vw, 1024px\" \/><\/figure>\n\n\n\n<p>Ezt k\u00f6vet\u0151en ker\u00fclt sor a JAD ki\u00e1ll\u00edt\u00e1s megtekint\u00e9s\u00e9re. Ahol <strong><em>Sz\u00e9kely Judit<\/em><\/strong> \u00e9s a di\u00e1kok mutatt\u00e1k be az alkot\u00e1sokat, v\u00e1laszoltak az \u00e9rdekl\u0151d\u0151k, k\u00f6zt\u00fck a region\u00e1lis sajt\u00f3 k\u00e9pvisel\u0151inek k\u00e9rd\u00e9seire. <\/p>\n\n\n\n<figure class=\"wp-block-image size-large\"><img loading=\"lazy\" width=\"1024\" height=\"768\" src=\"https:\/\/4t.lauder.hu\/wp-content\/uploads\/2023\/12\/jad-kn09-1024x768.jpg\" alt=\"\" class=\"wp-image-1669\" srcset=\"https:\/\/summacum.lauder.hu\/wp-content\/uploads\/2023\/12\/jad-kn09-1024x768.jpg 1024w, https:\/\/summacum.lauder.hu\/wp-content\/uploads\/2023\/12\/jad-kn09-300x225.jpg 300w, https:\/\/summacum.lauder.hu\/wp-content\/uploads\/2023\/12\/jad-kn09-768x576.jpg 768w, https:\/\/summacum.lauder.hu\/wp-content\/uploads\/2023\/12\/jad-kn09-1536x1152.jpg 1536w, https:\/\/summacum.lauder.hu\/wp-content\/uploads\/2023\/12\/jad-kn09-2048x1536.jpg 2048w, https:\/\/summacum.lauder.hu\/wp-content\/uploads\/2023\/12\/jad-kn09-1170x878.jpg 1170w\" sizes=\"(max-width: 1024px) 100vw, 1024px\" \/><\/figure>\n\n\n\n<blockquote class=\"wp-block-quote\"><p><em>&#8220;Hanukkah szameach! Gy\u00f6ny\u00f6r\u0171 k\u00e9pek, a gyerekek profik! Nagyon \u00f6r\u00fcl\u00f6k, hogy r\u00e9szt vettem ebben a projektben veletek. Van rem\u00e9ny a j\u00f6v\u0151re!&#8221;<\/em> <em>&#8211; Miriam Neiger-Fleischmann \u00fczenete Izraelb\u0151l<\/em><\/p><\/blockquote>\n\n\n\n<figure class=\"wp-block-image size-large\"><img loading=\"lazy\" width=\"1024\" height=\"768\" src=\"https:\/\/4t.lauder.hu\/wp-content\/uploads\/2023\/12\/jad-kn10-1024x768.jpg\" alt=\"\" class=\"wp-image-1670\" srcset=\"https:\/\/summacum.lauder.hu\/wp-content\/uploads\/2023\/12\/jad-kn10-1024x768.jpg 1024w, https:\/\/summacum.lauder.hu\/wp-content\/uploads\/2023\/12\/jad-kn10-300x225.jpg 300w, https:\/\/summacum.lauder.hu\/wp-content\/uploads\/2023\/12\/jad-kn10-768x576.jpg 768w, https:\/\/summacum.lauder.hu\/wp-content\/uploads\/2023\/12\/jad-kn10-1536x1152.jpg 1536w, https:\/\/summacum.lauder.hu\/wp-content\/uploads\/2023\/12\/jad-kn10-2048x1536.jpg 2048w, https:\/\/summacum.lauder.hu\/wp-content\/uploads\/2023\/12\/jad-kn10-1170x878.jpg 1170w\" sizes=\"(max-width: 1024px) 100vw, 1024px\" \/><\/figure>\n\n\n\n<p>A hanukai tombola \u00e9s a finom, k\u00f3ser falatok z\u00e1rt\u00e1k a k\u00f6z\u00f6s \u00fcnnepl\u00e9st. Term\u00e9szetesen a f\u00e1nk sem hi\u00e1nyozhatott az asztalr\u00f3l. A rendezv\u00e9ny ut\u00e1n Kom\u00e1rom belv\u00e1ros\u00e1t tekintette meg csapatunk <strong><em>Andr\u00e1s<\/em><\/strong> idegenvezet\u00e9s\u00e9vel. A zsid\u00f3 vonatkoz\u00e1sok megismer\u00e9se ut\u00e1n indultunk vissza a d\u00e9l-kom\u00e1romi \u00e1llom\u00e1sra, hogy a tartalmas napot k\u00f6vet\u0151en visszat\u00e9rj\u00fcnk Budapestre. <\/p>\n\n\n\n<figure class=\"wp-block-image size-large\"><img loading=\"lazy\" width=\"1024\" height=\"768\" src=\"https:\/\/4t.lauder.hu\/wp-content\/uploads\/2023\/12\/jad-kn12-1024x768.jpg\" alt=\"\" class=\"wp-image-1673\" srcset=\"https:\/\/summacum.lauder.hu\/wp-content\/uploads\/2023\/12\/jad-kn12-1024x768.jpg 1024w, https:\/\/summacum.lauder.hu\/wp-content\/uploads\/2023\/12\/jad-kn12-300x225.jpg 300w, https:\/\/summacum.lauder.hu\/wp-content\/uploads\/2023\/12\/jad-kn12-768x576.jpg 768w, https:\/\/summacum.lauder.hu\/wp-content\/uploads\/2023\/12\/jad-kn12-1536x1152.jpg 1536w, https:\/\/summacum.lauder.hu\/wp-content\/uploads\/2023\/12\/jad-kn12-2048x1536.jpg 2048w, https:\/\/summacum.lauder.hu\/wp-content\/uploads\/2023\/12\/jad-kn12-1170x878.jpg 1170w\" sizes=\"(max-width: 1024px) 100vw, 1024px\" \/><\/figure>\n\n\n\n<p><em>A ki\u00e1ll\u00edt\u00e1s a Kom\u00e1romi Zsid\u00f3 Hitk\u00f6zs\u00e9g programjai sor\u00e1n, illetve <a rel=\"noreferrer noopener\" href=\"https:\/\/kehreg.com\/sekretariat-titkarsag\/\" data-type=\"URL\" data-id=\"https:\/\/kehreg.com\/sekretariat-titkarsag\/\" target=\"_blank\">el\u0151zetes bejelentkez\u00e9st k\u00f6vet\u0151en<\/a>  megtekinthet\u0151 a Menh\u00e1zban (E\u00f6tv\u00f6s utca 15.). <\/em><\/p>\n\n\n\n<figure class=\"wp-block-image size-large\"><img loading=\"lazy\" width=\"1024\" height=\"461\" src=\"https:\/\/4t.lauder.hu\/wp-content\/uploads\/2023\/12\/jad-kn13-1024x461.jpg\" alt=\"\" class=\"wp-image-1675\" srcset=\"https:\/\/summacum.lauder.hu\/wp-content\/uploads\/2023\/12\/jad-kn13-1024x461.jpg 1024w, https:\/\/summacum.lauder.hu\/wp-content\/uploads\/2023\/12\/jad-kn13-300x135.jpg 300w, https:\/\/summacum.lauder.hu\/wp-content\/uploads\/2023\/12\/jad-kn13-768x346.jpg 768w, https:\/\/summacum.lauder.hu\/wp-content\/uploads\/2023\/12\/jad-kn13-1536x691.jpg 1536w, https:\/\/summacum.lauder.hu\/wp-content\/uploads\/2023\/12\/jad-kn13-1170x527.jpg 1170w, https:\/\/summacum.lauder.hu\/wp-content\/uploads\/2023\/12\/jad-kn13.jpg 2000w\" sizes=\"(max-width: 1024px) 100vw, 1024px\" \/><\/figure>\n\n\n\n<p><em>(f\u00e9nyk\u00e9pek: Sz\u00e9kely Judit, KZsH)<\/em><\/p>\n","protected":false},"excerpt":{"rendered":"<p>Vas\u00e1rnap d\u00e9lel\u0151tt, s\u0171r\u0171 h\u00f3es\u00e9sben indult \u00fatj\u00e1ra di\u00e1kjaink &#8211; Heisler Linda, Mo\u00f3sz Hanna, K\u00e1lloy Moln\u00e1r Istv\u00e1n &#8211; kis csoportja, Sz\u00e9kely Judit \u00e9s Pasztern\u00e1k Andr\u00e1s vezet\u00e9s\u00e9vel, hogy r\u00e9szt vegyen a JAD &#8211; Jewish Art Danube projekt ki\u00e1ll\u00edt\u00e1smegnyit\u00f3j\u00e1n a szlov\u00e1kiai Kom\u00e1romban. A Lauder Javne Iskola \u00e9s a Kom\u00e1romi Zsid\u00f3 Hitk\u00f6zs\u00e9g egy\u00fcttm\u0171k\u00f6d\u00e9s\u00e9ben, a MAZS\u00d6K t\u00e1mogat\u00e1s\u00e1val megval\u00f3sul\u00f3 kezdem\u00e9nyez\u00e9s c\u00e9lja az volt, hogy a k\u00e9pz\u0151m\u0171v\u00e9szet eszk\u00f6zeivel bemutassa a Duna-menti zsid\u00f3 k\u00f6z\u00f6ss\u00e9gek \u00e9let\u00e9t, lehet\u0151v\u00e9 t\u00e9ve egym\u00e1s megismer\u00e9s\u00e9t, megismertet\u00e9s\u00e9t m\u00e1sokkal. Meg\u00e9rkez\u00e9s\u00fcnk ut\u00e1n a t\u00e1rlat posztereit install\u00e1ltuk a Menh\u00e1z<\/p>\n","protected":false},"author":3,"featured_media":1661,"comment_status":"closed","ping_status":"open","sticky":false,"template":"","format":"standard","meta":[],"categories":[245,325],"tags":[11,328,376,327],"_links":{"self":[{"href":"https:\/\/summacum.lauder.hu\/index.php\/wp-json\/wp\/v2\/posts\/1660"}],"collection":[{"href":"https:\/\/summacum.lauder.hu\/index.php\/wp-json\/wp\/v2\/posts"}],"about":[{"href":"https:\/\/summacum.lauder.hu\/index.php\/wp-json\/wp\/v2\/types\/post"}],"author":[{"embeddable":true,"href":"https:\/\/summacum.lauder.hu\/index.php\/wp-json\/wp\/v2\/users\/3"}],"replies":[{"embeddable":true,"href":"https:\/\/summacum.lauder.hu\/index.php\/wp-json\/wp\/v2\/comments?post=1660"}],"version-history":[{"count":12,"href":"https:\/\/summacum.lauder.hu\/index.php\/wp-json\/wp\/v2\/posts\/1660\/revisions"}],"predecessor-version":[{"id":1742,"href":"https:\/\/summacum.lauder.hu\/index.php\/wp-json\/wp\/v2\/posts\/1660\/revisions\/1742"}],"wp:featuredmedia":[{"embeddable":true,"href":"https:\/\/summacum.lauder.hu\/index.php\/wp-json\/wp\/v2\/media\/1661"}],"wp:attachment":[{"href":"https:\/\/summacum.lauder.hu\/index.php\/wp-json\/wp\/v2\/media?parent=1660"}],"wp:term":[{"taxonomy":"category","embeddable":true,"href":"https:\/\/summacum.lauder.hu\/index.php\/wp-json\/wp\/v2\/categories?post=1660"},{"taxonomy":"post_tag","embeddable":true,"href":"https:\/\/summacum.lauder.hu\/index.php\/wp-json\/wp\/v2\/tags?post=1660"}],"curies":[{"name":"wp","href":"https:\/\/api.w.org\/{rel}","templated":true}]}}