{"id":1695,"date":"2023-12-17T16:36:13","date_gmt":"2023-12-17T16:36:13","guid":{"rendered":"https:\/\/4t.lauder.hu\/?p=1695"},"modified":"2024-01-07T10:08:54","modified_gmt":"2024-01-07T10:08:54","slug":"jad-tarlatok-sajtoszemle","status":"publish","type":"post","link":"https:\/\/summacum.lauder.hu\/index.php\/2023\/12\/17\/jad-tarlatok-sajtoszemle\/","title":{"rendered":"JAD t\u00e1rlatok &#8211; SAJT\u00d3SZEMLE"},"content":{"rendered":"\n<p><em>A JAD &#8211; Jewish Art Danube projekt sajt\u00f3megjelen\u00e9sei: <\/em><\/p>\n\n\n\n<p><a rel=\"noreferrer noopener\" href=\"https:\/\/patria24.rtvs.sk\/2023\/12\/15\/hanuka-a-komaromi-menhazban\/\" data-type=\"URL\" data-id=\"https:\/\/patria24.rtvs.sk\/2023\/12\/15\/hanuka-a-komaromi-menhazban\/\" target=\"_blank\"><strong>P\u00e1tria R\u00e1di\u00f3 &#8211; Nappali <\/strong><\/a><\/p>\n\n\n\n<p><a href=\"https:\/\/komarno.sk\/wp-content\/uploads\/2023\/12\/komlap_12_23.pdf\" data-type=\"URL\" data-id=\"https:\/\/komarno.sk\/wp-content\/uploads\/2023\/12\/komlap_12_23.pdf\" target=\"_blank\" rel=\"noreferrer noopener\"><strong>Kom\u00e1romi Lapok <\/strong>&#8211; 2023. december 15.<\/a><\/p>\n\n\n\n<figure class=\"wp-block-image size-large\"><img loading=\"lazy\" width=\"1024\" height=\"983\" src=\"https:\/\/4t.lauder.hu\/wp-content\/uploads\/2023\/12\/knl-1024x983.jpg\" alt=\"\" class=\"wp-image-1696\" srcset=\"https:\/\/summacum.lauder.hu\/wp-content\/uploads\/2023\/12\/knl-1024x983.jpg 1024w, https:\/\/summacum.lauder.hu\/wp-content\/uploads\/2023\/12\/knl-300x288.jpg 300w, https:\/\/summacum.lauder.hu\/wp-content\/uploads\/2023\/12\/knl-768x737.jpg 768w, https:\/\/summacum.lauder.hu\/wp-content\/uploads\/2023\/12\/knl-1536x1475.jpg 1536w, https:\/\/summacum.lauder.hu\/wp-content\/uploads\/2023\/12\/knl-2048x1966.jpg 2048w, https:\/\/summacum.lauder.hu\/wp-content\/uploads\/2023\/12\/knl-1170x1123.jpg 1170w\" sizes=\"(max-width: 1024px) 100vw, 1024px\" \/><\/figure>\n\n\n\n<p><strong>Kom\u00e1romi V\u00e1rosi Telev\u00edzi\u00f3<\/strong><\/p>\n\n\n\n<p>magyar nyelv\u0171 tud\u00f3s\u00edt\u00e1s: <a href=\"https:\/\/www.youtube.com\/watch?v=PZ-tBHeOCk4\">https:\/\/www.youtube.com\/watch?v=PZ-tBHeOCk4<\/a><\/p>\n\n\n\n<p>szlov\u00e1k nyelv\u0171 tud\u00f3s\u00edt\u00e1s: <a href=\"https:\/\/www.youtube.com\/watch?v=kayuiokSKyo\">https:\/\/www.youtube.com\/watch?v=kayuiokSKyo<\/a><\/p>\n","protected":false},"excerpt":{"rendered":"<p>A JAD &#8211; Jewish Art Danube projekt sajt\u00f3megjelen\u00e9sei: P\u00e1tria R\u00e1di\u00f3 &#8211; Nappali Kom\u00e1romi Lapok &#8211; 2023. december 15. Kom\u00e1romi V\u00e1rosi Telev\u00edzi\u00f3 magyar nyelv\u0171 tud\u00f3s\u00edt\u00e1s: https:\/\/www.youtube.com\/watch?v=PZ-tBHeOCk4 szlov\u00e1k nyelv\u0171 tud\u00f3s\u00edt\u00e1s: https:\/\/www.youtube.com\/watch?v=kayuiokSKyo<\/p>\n","protected":false},"author":3,"featured_media":1697,"comment_status":"closed","ping_status":"open","sticky":false,"template":"","format":"standard","meta":[],"categories":[325],"tags":[326,379,328,43],"_links":{"self":[{"href":"https:\/\/summacum.lauder.hu\/index.php\/wp-json\/wp\/v2\/posts\/1695"}],"collection":[{"href":"https:\/\/summacum.lauder.hu\/index.php\/wp-json\/wp\/v2\/posts"}],"about":[{"href":"https:\/\/summacum.lauder.hu\/index.php\/wp-json\/wp\/v2\/types\/post"}],"author":[{"embeddable":true,"href":"https:\/\/summacum.lauder.hu\/index.php\/wp-json\/wp\/v2\/users\/3"}],"replies":[{"embeddable":true,"href":"https:\/\/summacum.lauder.hu\/index.php\/wp-json\/wp\/v2\/comments?post=1695"}],"version-history":[{"count":3,"href":"https:\/\/summacum.lauder.hu\/index.php\/wp-json\/wp\/v2\/posts\/1695\/revisions"}],"predecessor-version":[{"id":1737,"href":"https:\/\/summacum.lauder.hu\/index.php\/wp-json\/wp\/v2\/posts\/1695\/revisions\/1737"}],"wp:featuredmedia":[{"embeddable":true,"href":"https:\/\/summacum.lauder.hu\/index.php\/wp-json\/wp\/v2\/media\/1697"}],"wp:attachment":[{"href":"https:\/\/summacum.lauder.hu\/index.php\/wp-json\/wp\/v2\/media?parent=1695"}],"wp:term":[{"taxonomy":"category","embeddable":true,"href":"https:\/\/summacum.lauder.hu\/index.php\/wp-json\/wp\/v2\/categories?post=1695"},{"taxonomy":"post_tag","embeddable":true,"href":"https:\/\/summacum.lauder.hu\/index.php\/wp-json\/wp\/v2\/tags?post=1695"}],"curies":[{"name":"wp","href":"https:\/\/api.w.org\/{rel}","templated":true}]}}