{"id":2158,"date":"2024-03-27T21:15:36","date_gmt":"2024-03-27T21:15:36","guid":{"rendered":"https:\/\/summacum.lauder.hu\/?p=2158"},"modified":"2024-03-27T21:19:42","modified_gmt":"2024-03-27T21:19:42","slug":"multivator-19-szegedtol-az-urig","status":"publish","type":"post","link":"https:\/\/summacum.lauder.hu\/index.php\/2024\/03\/27\/multivator-19-szegedtol-az-urig\/","title":{"rendered":"Multiv\u00e1tor #19: Szegedt\u0151l az \u0171rig"},"content":{"rendered":"\n<p>5 \u00f3ra 40 perckor g\u00f6rd\u00fclt ki a <em>Szegedi Orczy Istv\u00e1n \u00c1ltal\u00e1nos Iskola<\/em> hetedikeseinek vonata a napf\u00e9ny v\u00e1ros\u00e1b\u00f3l, mellyel a <em>Lauder Multiverzum Innov\u00e1ci\u00f3s T\u00e9r Di\u00e1klaborba <\/em>utaztak, hogy r\u00e9szt vegyenek a <strong>\u201eLegyetek Ti is MULTIV\u00c1TOROK!\u201d <\/strong>tudom\u00e1nyos \u00e9lm\u00e9nynapon. A rendhagy\u00f3 kir\u00e1ndul\u00e1st<strong><em> Tapodin\u00e9 Mariann<\/em><\/strong> tan\u00e1rn\u0151 \u00e9s koll\u00e9g\u00e1i szervezt\u00e9k. <\/p>\n\n\n\n<figure class=\"wp-block-image size-large\"><img loading=\"lazy\" width=\"1024\" height=\"640\" src=\"https:\/\/summacum.lauder.hu\/wp-content\/uploads\/2024\/03\/multi19-03-1024x640.jpg\" alt=\"\" class=\"wp-image-2161\" srcset=\"https:\/\/summacum.lauder.hu\/wp-content\/uploads\/2024\/03\/multi19-03-1024x640.jpg 1024w, https:\/\/summacum.lauder.hu\/wp-content\/uploads\/2024\/03\/multi19-03-300x187.jpg 300w, https:\/\/summacum.lauder.hu\/wp-content\/uploads\/2024\/03\/multi19-03-768x480.jpg 768w, https:\/\/summacum.lauder.hu\/wp-content\/uploads\/2024\/03\/multi19-03-1170x731.jpg 1170w, https:\/\/summacum.lauder.hu\/wp-content\/uploads\/2024\/03\/multi19-03-350x220.jpg 350w, https:\/\/summacum.lauder.hu\/wp-content\/uploads\/2024\/03\/multi19-03.jpg 1525w\" sizes=\"(max-width: 1024px) 100vw, 1024px\" \/><\/figure>\n\n\n\n<p>A m\u00e1rcius 26-\u00e1n zajl\u00f3 program els\u0151 k\u00e9t s\u00e1vj\u00e1ban <em><strong>D\u00e1vid Anett<\/strong><\/em> fizika- \u00e9s <strong><em>Sz\u00e9kely Judit<\/em><\/strong> vizu\u00e1lis kult\u00fara tan\u00e1rok m\u0171helyfoglalkoz\u00e1sain vettek r\u00e9szt a di\u00e1kok. <\/p>\n\n\n\n<figure class=\"wp-block-image size-large\"><img loading=\"lazy\" width=\"1024\" height=\"643\" src=\"https:\/\/summacum.lauder.hu\/wp-content\/uploads\/2024\/03\/multi19-04-1024x643.jpg\" alt=\"\" class=\"wp-image-2162\" srcset=\"https:\/\/summacum.lauder.hu\/wp-content\/uploads\/2024\/03\/multi19-04-1024x643.jpg 1024w, https:\/\/summacum.lauder.hu\/wp-content\/uploads\/2024\/03\/multi19-04-300x188.jpg 300w, https:\/\/summacum.lauder.hu\/wp-content\/uploads\/2024\/03\/multi19-04-768x482.jpg 768w, https:\/\/summacum.lauder.hu\/wp-content\/uploads\/2024\/03\/multi19-04-1170x735.jpg 1170w, https:\/\/summacum.lauder.hu\/wp-content\/uploads\/2024\/03\/multi19-04-350x220.jpg 350w, https:\/\/summacum.lauder.hu\/wp-content\/uploads\/2024\/03\/multi19-04.jpg 1518w\" sizes=\"(max-width: 1024px) 100vw, 1024px\" \/><\/figure>\n\n\n\n<p>A <em>Mit rejt az \u0171rkuka?<\/em> workshop keret\u00e9ben sz\u00e1mba vett\u00fck mi mindent k\u00f6sz\u00f6nhet\u00fcnk az \u0171riparnak, besz\u00e9lt\u00fcnk a k\u00f6r\u00fcl\u00f6tt\u00fcnk kering\u0151 \u0171robjektumokr\u00f3l, foglalkoztunk az \u0171rszem\u00e9t k\u00e9rd\u00e9sk\u00f6r\u00e9vel. V\u00e1ltozatos m\u00f3dszerekkel (egy\u00e9ni \u00e9s csapatfeladatok, kv\u00edz, kutat\u00e1s) rendszerezt\u00fck a kor\u00e1bbi ismereteket, dolgoztuk fel az \u00fajdons\u00e1gokat.<\/p>\n\n\n\n<figure class=\"wp-block-image size-large\"><img loading=\"lazy\" width=\"1024\" height=\"560\" src=\"https:\/\/summacum.lauder.hu\/wp-content\/uploads\/2024\/03\/multi19-05-1024x560.jpg\" alt=\"\" class=\"wp-image-2163\" srcset=\"https:\/\/summacum.lauder.hu\/wp-content\/uploads\/2024\/03\/multi19-05-1024x560.jpg 1024w, https:\/\/summacum.lauder.hu\/wp-content\/uploads\/2024\/03\/multi19-05-300x164.jpg 300w, https:\/\/summacum.lauder.hu\/wp-content\/uploads\/2024\/03\/multi19-05-768x420.jpg 768w, https:\/\/summacum.lauder.hu\/wp-content\/uploads\/2024\/03\/multi19-05-1170x640.jpg 1170w, https:\/\/summacum.lauder.hu\/wp-content\/uploads\/2024\/03\/multi19-05.jpg 1526w\" sizes=\"(max-width: 1024px) 100vw, 1024px\" \/><\/figure>\n\n\n\n<p>Az <em>\u00dczenet a j\u00f6v\u0151be<\/em> foglalkoz\u00e1s sor\u00e1n az emberis\u00e9g legfontosabb gondolatait tolm\u00e1csoltuk egy ismeretlen civiliz\u00e1ci\u00f3 \u00e9s\/vagy a j\u00f6v\u0151 embereinek ir\u00e1ny\u00e1ba. A gyerekek \u00e1ltal alkotott piktogramokat f\u00e9mlapokba \u201ev\u00e9st\u00fck\u201d. Az alkot\u00e1s mellett jutott id\u0151 a 3D-s Z-Space termin\u00e1lok felfedez\u00e9s\u00e9re is.<\/p>\n\n\n\n<figure class=\"wp-block-image size-large\"><img loading=\"lazy\" width=\"1024\" height=\"775\" src=\"https:\/\/summacum.lauder.hu\/wp-content\/uploads\/2024\/03\/multi19-01-1024x775.jpg\" alt=\"\" class=\"wp-image-2159\" srcset=\"https:\/\/summacum.lauder.hu\/wp-content\/uploads\/2024\/03\/multi19-01-1024x775.jpg 1024w, https:\/\/summacum.lauder.hu\/wp-content\/uploads\/2024\/03\/multi19-01-300x227.jpg 300w, https:\/\/summacum.lauder.hu\/wp-content\/uploads\/2024\/03\/multi19-01-768x581.jpg 768w, https:\/\/summacum.lauder.hu\/wp-content\/uploads\/2024\/03\/multi19-01-1170x885.jpg 1170w, https:\/\/summacum.lauder.hu\/wp-content\/uploads\/2024\/03\/multi19-01.jpg 1463w\" sizes=\"(max-width: 1024px) 100vw, 1024px\" \/><\/figure>\n\n\n\n<p>Az \u00e9lm\u00e9nynap harmadik r\u00e9sz\u00e9ben t\u00edz csapatban kerest\u00fck a goly\u00f3p\u00e1ly\u00e1k mestereit szakmai vezet\u0151nk, <strong><em>Pasztern\u00e1k Andr\u00e1s<\/em><\/strong> koordin\u00e1l\u00e1s\u00e1val. A Di\u00e1klabor energia t\u00e9m\u00e1j\u00e1hoz illeszkedve \u00e9p\u00fcltek a csatorn\u00e1k, melyekben a lehet\u0151 legtov\u00e1bb kellett mozg\u00e1sban tartani a goly\u00f3kat. A k\u00eds\u00e9r\u0151 pedag\u00f3gusok kilences sz\u00e1m\u00fa csoportja bizonyult a leg\u00fcgyesebbnek, \u0151ket a kettes csapat k\u00f6vette. Az eredm\u00e9nyek hiteles m\u00e9r\u00e9s\u00e9n\u00e9l <strong><em>D\u00e1vid Anett <\/em><\/strong>m\u0171k\u00f6d\u00f6tt k\u00f6zre. <\/p>\n\n\n\n<figure class=\"wp-block-image size-large\"><img loading=\"lazy\" width=\"1024\" height=\"607\" src=\"https:\/\/summacum.lauder.hu\/wp-content\/uploads\/2024\/03\/multi19-06-1024x607.jpg\" alt=\"\" class=\"wp-image-2164\" srcset=\"https:\/\/summacum.lauder.hu\/wp-content\/uploads\/2024\/03\/multi19-06-1024x607.jpg 1024w, https:\/\/summacum.lauder.hu\/wp-content\/uploads\/2024\/03\/multi19-06-300x178.jpg 300w, https:\/\/summacum.lauder.hu\/wp-content\/uploads\/2024\/03\/multi19-06-768x455.jpg 768w, https:\/\/summacum.lauder.hu\/wp-content\/uploads\/2024\/03\/multi19-06-1170x694.jpg 1170w, https:\/\/summacum.lauder.hu\/wp-content\/uploads\/2024\/03\/multi19-06.jpg 1523w\" sizes=\"(max-width: 1024px) 100vw, 1024px\" \/><\/figure>\n\n\n\n<p>Z\u00e1r\u00e1sk\u00e9nt \u00e1tadtuk a MULTIV\u00c1TOR okleveleket \u00e9s mindenki v\u00e1laszthatott egy m\u00f3k\u00e1s, tudom\u00e1nyos matric\u00e1t.<\/p>\n\n\n\n<p class=\"has-text-align-right\"><em>K\u00f6sz\u00f6nj\u00fck, hogy egy\u00fctt tanulhattunk!<\/em><\/p>\n\n\n\n<hr class=\"wp-block-separator\"\/>\n\n\n\n<p><em>A p\u00e1ly\u00e1zat k\u00f3dja: XIA-DI\u00c1KLABOR-23-01<\/em><\/p>\n\n\n\n<p><em>Kedvezm\u00e9nyezett: Vil\u00e1gi Zsid\u00f3 Iskola Alap\u00edtv\u00e1ny<\/em><\/p>\n\n\n\n<p><em>Megval\u00f3s\u00edt\u00e1si helysz\u00edn: Lauder Javne Zsid\u00f3 K\u00f6z\u00f6ss\u00e9gi \u00d3voda, \u00c1ltal\u00e1nos Iskola, Gimn\u00e1zium \u00e9s Zenei Alapfok\u00fa M\u0171v\u00e9szeti Iskola<\/em><\/p>\n\n\n\n<p><em>T\u00e1mogat\u00f3: Nemzeti Kutat\u00e1si, Fejleszt\u00e9si \u00e9s Innov\u00e1ci\u00f3s Hivatal, az NKFI Alapb\u00f3l megval\u00f3sul\u00f3 projekt, Nemzeti Innov\u00e1ci\u00f3s \u00dcgyn\u00f6ks\u00e9g Nonprofit Zrt.<\/em><\/p>\n","protected":false},"excerpt":{"rendered":"<p>5 \u00f3ra 40 perckor g\u00f6rd\u00fclt ki a Szegedi Orczy Istv\u00e1n \u00c1ltal\u00e1nos Iskola hetedikeseinek vonata a napf\u00e9ny v\u00e1ros\u00e1b\u00f3l, mellyel a Lauder Multiverzum Innov\u00e1ci\u00f3s T\u00e9r Di\u00e1klaborba utaztak, hogy r\u00e9szt vegyenek a \u201eLegyetek Ti is MULTIV\u00c1TOROK!\u201d tudom\u00e1nyos \u00e9lm\u00e9nynapon. A rendhagy\u00f3 kir\u00e1ndul\u00e1st Tapodin\u00e9 Mariann tan\u00e1rn\u0151 \u00e9s koll\u00e9g\u00e1i szervezt\u00e9k. A m\u00e1rcius 26-\u00e1n zajl\u00f3 program els\u0151 k\u00e9t s\u00e1vj\u00e1ban D\u00e1vid Anett fizika- \u00e9s Sz\u00e9kely Judit vizu\u00e1lis kult\u00fara tan\u00e1rok m\u0171helyfoglalkoz\u00e1sain vettek r\u00e9szt a di\u00e1kok. A Mit rejt az \u0171rkuka? workshop keret\u00e9ben sz\u00e1mba vett\u00fck mi mindent k\u00f6sz\u00f6nhet\u00fcnk az \u0171riparnak,<\/p>\n","protected":false},"author":3,"featured_media":2160,"comment_status":"closed","ping_status":"open","sticky":false,"template":"","format":"standard","meta":[],"categories":[245,321,322,324,341],"tags":[199,19,363,342,24,409],"_links":{"self":[{"href":"https:\/\/summacum.lauder.hu\/index.php\/wp-json\/wp\/v2\/posts\/2158"}],"collection":[{"href":"https:\/\/summacum.lauder.hu\/index.php\/wp-json\/wp\/v2\/posts"}],"about":[{"href":"https:\/\/summacum.lauder.hu\/index.php\/wp-json\/wp\/v2\/types\/post"}],"author":[{"embeddable":true,"href":"https:\/\/summacum.lauder.hu\/index.php\/wp-json\/wp\/v2\/users\/3"}],"replies":[{"embeddable":true,"href":"https:\/\/summacum.lauder.hu\/index.php\/wp-json\/wp\/v2\/comments?post=2158"}],"version-history":[{"count":3,"href":"https:\/\/summacum.lauder.hu\/index.php\/wp-json\/wp\/v2\/posts\/2158\/revisions"}],"predecessor-version":[{"id":2168,"href":"https:\/\/summacum.lauder.hu\/index.php\/wp-json\/wp\/v2\/posts\/2158\/revisions\/2168"}],"wp:featuredmedia":[{"embeddable":true,"href":"https:\/\/summacum.lauder.hu\/index.php\/wp-json\/wp\/v2\/media\/2160"}],"wp:attachment":[{"href":"https:\/\/summacum.lauder.hu\/index.php\/wp-json\/wp\/v2\/media?parent=2158"}],"wp:term":[{"taxonomy":"category","embeddable":true,"href":"https:\/\/summacum.lauder.hu\/index.php\/wp-json\/wp\/v2\/categories?post=2158"},{"taxonomy":"post_tag","embeddable":true,"href":"https:\/\/summacum.lauder.hu\/index.php\/wp-json\/wp\/v2\/tags?post=2158"}],"curies":[{"name":"wp","href":"https:\/\/api.w.org\/{rel}","templated":true}]}}