{"id":2225,"date":"2024-04-12T14:16:15","date_gmt":"2024-04-12T14:16:15","guid":{"rendered":"https:\/\/summacum.lauder.hu\/?p=2225"},"modified":"2024-04-12T14:16:16","modified_gmt":"2024-04-12T14:16:16","slug":"multivator-21-bolygok-es-robotkarok-a-pal-apostol-katolikus-ovoda-altalanos-iskola-es-gimnazium-kilencedikesei-a-diaklaborban","status":"publish","type":"post","link":"https:\/\/summacum.lauder.hu\/index.php\/2024\/04\/12\/multivator-21-bolygok-es-robotkarok-a-pal-apostol-katolikus-ovoda-altalanos-iskola-es-gimnazium-kilencedikesei-a-diaklaborban\/","title":{"rendered":"Multiv\u00e1tor #21: Bolyg\u00f3k \u00e9s robotkarok &#8211; a P\u00e1l Apostol Katolikus \u00d3voda, \u00c1ltal\u00e1nos Iskola \u00e9s Gimn\u00e1zium kilencedikesei a Di\u00e1klaborban"},"content":{"rendered":"\n<p>\u00c1prilis 11-\u00e9n a <em>P\u00e1l Apostol Katolikus \u00d3voda, \u00c1ltal\u00e1nos Iskola \u00e9s Gimn\u00e1zium <\/em>di\u00e1kjai \u00e9rkeztek hozz\u00e1nk <em><strong>M\u00e9sz\u00e1ros G\u00e1born\u00e9<\/strong><\/em> \u00e9s<strong><em> Hauer Viktor<\/em><\/strong> tan\u00e1rok k\u00eds\u00e9ret\u00e9ben, hogy r\u00e9szt vegyenek a <em>&#8220;Legyetek Ti is MULTIV\u00c1TOROK!&#8221;<\/em> tudom\u00e1nyos \u00e9lm\u00e9nynapon. <\/p>\n\n\n\n<p>Az els\u0151 k\u00e9t s\u00e1vban <strong><em>Juh\u00e1sz M\u00f3nika<\/em><\/strong>\u00a0digit\u00e1lis kult\u00fara tan\u00e1r\u00a0\u00e9s <strong><em>Kabella Bal\u00e1zs <\/em><\/strong>elm\u00e9leti fizikus m\u0171helyfoglalkoz\u00e1sain k\u00f6z\u00f6sen tanultunk a fiatalokkal. Az el\u0151bbin a robotkarok tudom\u00e1ny\u00e1val ismerkedt\u00fcnk. Az elm\u00e9leti \u00f6sszefoglal\u00f3t k\u00f6vet\u0151en h\u00e1rom \u00e1llom\u00e1son a programozhat\u00f3, a t\u00e1vir\u00e1ny\u00edthat\u00f3 \u00e9s a rajzol\u00f3 robotkarokat pr\u00f3b\u00e1lt\u00e1k ki a di\u00e1kok. <\/p>\n\n\n\n<figure class=\"wp-block-image size-large\"><img loading=\"lazy\" width=\"1024\" height=\"614\" src=\"https:\/\/summacum.lauder.hu\/wp-content\/uploads\/2024\/04\/multi21-01-1024x614.jpg\" alt=\"\" class=\"wp-image-2227\" srcset=\"https:\/\/summacum.lauder.hu\/wp-content\/uploads\/2024\/04\/multi21-01-1024x614.jpg 1024w, https:\/\/summacum.lauder.hu\/wp-content\/uploads\/2024\/04\/multi21-01-300x180.jpg 300w, https:\/\/summacum.lauder.hu\/wp-content\/uploads\/2024\/04\/multi21-01-768x460.jpg 768w, https:\/\/summacum.lauder.hu\/wp-content\/uploads\/2024\/04\/multi21-01-1170x701.jpg 1170w, https:\/\/summacum.lauder.hu\/wp-content\/uploads\/2024\/04\/multi21-01.jpg 1530w\" sizes=\"(max-width: 1024px) 100vw, 1024px\" \/><\/figure>\n\n\n\n<p>A m\u00e1sik teremben az \u0171r fel\u00e9 szegezt\u00fck a tekintet\u00fcnket. Az asztrofot\u00f3z\u00e1son kereszt\u00fcl jutottunk el az asztofizik\u00e1ig. A l\u00e1tv\u00e1nyos f\u00e9nyk\u00e9pek seg\u00edtettek minket a vil\u00e1g\u0171r megismer\u00e9s\u00e9ben, az \u00e9vezredek sor\u00e1n lej\u00e1tsz\u00f3d\u00f3 folyamatok meg\u00e9rt\u00e9s\u00e9ben. A kv\u00edzk\u00e9rd\u00e9sekkel sz\u00ednes\u00edtett bemutat\u00f3n hallhattunk a fiatal szakember p\u00e1lyav\u00e1laszt\u00e1ssal kapcsolatos tapasztalatair\u00f3l is. <\/p>\n\n\n\n<figure class=\"wp-block-image size-large\"><img loading=\"lazy\" width=\"1024\" height=\"618\" src=\"https:\/\/summacum.lauder.hu\/wp-content\/uploads\/2024\/04\/multi21-03-1024x618.jpg\" alt=\"\" class=\"wp-image-2228\" srcset=\"https:\/\/summacum.lauder.hu\/wp-content\/uploads\/2024\/04\/multi21-03-1024x618.jpg 1024w, https:\/\/summacum.lauder.hu\/wp-content\/uploads\/2024\/04\/multi21-03-300x181.jpg 300w, https:\/\/summacum.lauder.hu\/wp-content\/uploads\/2024\/04\/multi21-03-768x463.jpg 768w, https:\/\/summacum.lauder.hu\/wp-content\/uploads\/2024\/04\/multi21-03-1170x706.jpg 1170w, https:\/\/summacum.lauder.hu\/wp-content\/uploads\/2024\/04\/multi21-03.jpg 1520w\" sizes=\"(max-width: 1024px) 100vw, 1024px\" \/><\/figure>\n\n\n\n<p>A rendhagy\u00f3 oktat\u00e1si program harmadik s\u00e1vj\u00e1ban, a <em>Tudom\u00e1nyos k\u00f6rforg\u00e1s <\/em>keret\u00e9ben, \u00e9rdekl\u0151d\u00e9s\u00fcknek megfelel\u0151en v\u00e1laszthattak workshopot vend\u00e9geink. <strong><em>Vajda Tibor<\/em><\/strong>\u00a0alkalmazott m\u00e9diatechnikus\u00a0a <em>Lauder Multiverzum Innov\u00e1ci\u00f3s T\u00e9r (MIT) Di\u00e1klabor <\/em>informatikai eszk\u00f6zeir\u0151l tartott bemutat\u00f3t, <em><strong>Pasztern\u00e1k Andr\u00e1s<\/strong><\/em>, a labor szakmai vezet\u0151je a goly\u00f3p\u00e1ly\u00e1k mestereit kereste, p\u00e1rhuzamot vonva az \u00fczenetek tov\u00e1bb\u00edt\u00e1s\u00e1val, felid\u00e9zve a fizik\u00e1b\u00f3l kor\u00e1bban tanultakat.<\/p>\n\n\n\n<figure class=\"wp-block-image size-large\"><img loading=\"lazy\" width=\"1024\" height=\"617\" src=\"https:\/\/summacum.lauder.hu\/wp-content\/uploads\/2024\/04\/multi21-04-1024x617.jpg\" alt=\"\" class=\"wp-image-2229\" srcset=\"https:\/\/summacum.lauder.hu\/wp-content\/uploads\/2024\/04\/multi21-04-1024x617.jpg 1024w, https:\/\/summacum.lauder.hu\/wp-content\/uploads\/2024\/04\/multi21-04-300x181.jpg 300w, https:\/\/summacum.lauder.hu\/wp-content\/uploads\/2024\/04\/multi21-04-768x463.jpg 768w, https:\/\/summacum.lauder.hu\/wp-content\/uploads\/2024\/04\/multi21-04-1170x705.jpg 1170w, https:\/\/summacum.lauder.hu\/wp-content\/uploads\/2024\/04\/multi21-04.jpg 1522w\" sizes=\"(max-width: 1024px) 100vw, 1024px\" \/><\/figure>\n\n\n\n<p>Az \u00e9lm\u00e9nynap z\u00e1r\u00e1sak\u00e9nt minden r\u00e9sztvev\u0151 megkapta a MULTIV\u00c1TOR-oklevel\u00e9t, v\u00e1laszthatott egy-egy m\u00f3k\u00e1s, tudom\u00e1nyos matric\u00e1t.<\/p>\n\n\n\n<p class=\"has-text-align-right\"><em>K\u00f6sz\u00f6nj\u00fck, hogy egy\u00fctt tanulhattunk!<\/em><\/p>\n\n\n\n<hr class=\"wp-block-separator\"\/>\n\n\n\n<p><em>A p\u00e1ly\u00e1zat k\u00f3dja: XIA-DI\u00c1KLABOR-23-01<\/em><\/p>\n\n\n\n<p><em>Kedvezm\u00e9nyezett: Vil\u00e1gi Zsid\u00f3 Iskola Alap\u00edtv\u00e1ny<\/em><\/p>\n\n\n\n<p><em>Megval\u00f3s\u00edt\u00e1si helysz\u00edn: Lauder Javne Zsid\u00f3 K\u00f6z\u00f6ss\u00e9gi \u00d3voda, \u00c1ltal\u00e1nos Iskola, Gimn\u00e1zium \u00e9s Zenei Alapfok\u00fa M\u0171v\u00e9szeti Iskola<\/em><\/p>\n\n\n\n<p><em>T\u00e1mogat\u00f3: Nemzeti Kutat\u00e1si, Fejleszt\u00e9si \u00e9s Innov\u00e1ci\u00f3s Hivatal, az NKFI Alapb\u00f3l megval\u00f3sul\u00f3 projekt, Nemzeti Innov\u00e1ci\u00f3s \u00dcgyn\u00f6ks\u00e9g Nonprofit Zrt.<\/em><\/p>\n\n\n\n<p class=\"has-text-align-left\"><br><\/p>\n","protected":false},"excerpt":{"rendered":"<p>\u00c1prilis 11-\u00e9n a P\u00e1l Apostol Katolikus \u00d3voda, \u00c1ltal\u00e1nos Iskola \u00e9s Gimn\u00e1zium di\u00e1kjai \u00e9rkeztek hozz\u00e1nk M\u00e9sz\u00e1ros G\u00e1born\u00e9 \u00e9s Hauer Viktor tan\u00e1rok k\u00eds\u00e9ret\u00e9ben, hogy r\u00e9szt vegyenek a &#8220;Legyetek Ti is MULTIV\u00c1TOROK!&#8221; tudom\u00e1nyos \u00e9lm\u00e9nynapon. Az els\u0151 k\u00e9t s\u00e1vban Juh\u00e1sz M\u00f3nika\u00a0digit\u00e1lis kult\u00fara tan\u00e1r\u00a0\u00e9s Kabella Bal\u00e1zs elm\u00e9leti fizikus m\u0171helyfoglalkoz\u00e1sain k\u00f6z\u00f6sen tanultunk a fiatalokkal. Az el\u0151bbin a robotkarok tudom\u00e1ny\u00e1val ismerkedt\u00fcnk. Az elm\u00e9leti \u00f6sszefoglal\u00f3t k\u00f6vet\u0151en h\u00e1rom \u00e1llom\u00e1son a programozhat\u00f3, a t\u00e1vir\u00e1ny\u00edthat\u00f3 \u00e9s a rajzol\u00f3 robotkarokat pr\u00f3b\u00e1lt\u00e1k ki a di\u00e1kok. A m\u00e1sik teremben az \u0171r fel\u00e9 szegezt\u00fck a<\/p>\n","protected":false},"author":3,"featured_media":2226,"comment_status":"closed","ping_status":"open","sticky":false,"template":"","format":"standard","meta":[],"categories":[245,321,322,324,341],"tags":[387,405,408,19,369,363,391,342,407],"_links":{"self":[{"href":"https:\/\/summacum.lauder.hu\/index.php\/wp-json\/wp\/v2\/posts\/2225"}],"collection":[{"href":"https:\/\/summacum.lauder.hu\/index.php\/wp-json\/wp\/v2\/posts"}],"about":[{"href":"https:\/\/summacum.lauder.hu\/index.php\/wp-json\/wp\/v2\/types\/post"}],"author":[{"embeddable":true,"href":"https:\/\/summacum.lauder.hu\/index.php\/wp-json\/wp\/v2\/users\/3"}],"replies":[{"embeddable":true,"href":"https:\/\/summacum.lauder.hu\/index.php\/wp-json\/wp\/v2\/comments?post=2225"}],"version-history":[{"count":2,"href":"https:\/\/summacum.lauder.hu\/index.php\/wp-json\/wp\/v2\/posts\/2225\/revisions"}],"predecessor-version":[{"id":2231,"href":"https:\/\/summacum.lauder.hu\/index.php\/wp-json\/wp\/v2\/posts\/2225\/revisions\/2231"}],"wp:featuredmedia":[{"embeddable":true,"href":"https:\/\/summacum.lauder.hu\/index.php\/wp-json\/wp\/v2\/media\/2226"}],"wp:attachment":[{"href":"https:\/\/summacum.lauder.hu\/index.php\/wp-json\/wp\/v2\/media?parent=2225"}],"wp:term":[{"taxonomy":"category","embeddable":true,"href":"https:\/\/summacum.lauder.hu\/index.php\/wp-json\/wp\/v2\/categories?post=2225"},{"taxonomy":"post_tag","embeddable":true,"href":"https:\/\/summacum.lauder.hu\/index.php\/wp-json\/wp\/v2\/tags?post=2225"}],"curies":[{"name":"wp","href":"https:\/\/api.w.org\/{rel}","templated":true}]}}