{"id":2493,"date":"2024-05-07T20:01:33","date_gmt":"2024-05-07T20:01:33","guid":{"rendered":"https:\/\/summacum.lauder.hu\/?p=2493"},"modified":"2024-05-07T20:02:57","modified_gmt":"2024-05-07T20:02:57","slug":"multivator-25-a-budai-technikum-tizenegyedikeseivel-unnepeltunk-a-25-tudomanyos-elmenynapon","status":"publish","type":"post","link":"https:\/\/summacum.lauder.hu\/index.php\/2024\/05\/07\/multivator-25-a-budai-technikum-tizenegyedikeseivel-unnepeltunk-a-25-tudomanyos-elmenynapon\/","title":{"rendered":"Multiv\u00e1tor #25: A Budai Technikum tizenegyedikeseivel &#8220;\u00fcnnepelt\u00fcnk&#8221; a 25. tudom\u00e1nyos \u00e9lm\u00e9nynapon"},"content":{"rendered":"\n<p>M\u00e1jus 7-\u00e9n, husz\u00f6n\u00f6t\u00f6dik alkalommal rendezt\u00fck meg a <em>&#8220;Legyetek Ti is MULTIV\u00c1TOROK!&#8221;<\/em> tudom\u00e1nyos \u00e9lm\u00e9nynapot a <em>Lauder Multiverzum Innov\u00e1ci\u00f3s T\u00e9r (MIT) Di\u00e1klaborban<\/em>. Kedden d\u00e9lel\u0151tt ism\u00e9t a <em><a rel=\"noreferrer noopener\" href=\"https:\/\/budaitechnikum.hu\/\" target=\"_blank\">Budapesti Gazdas\u00e1gi Szakk\u00e9pz\u00e9si Centrum Budai Technikum\u00e1nak<\/a><\/em>\u00a0di\u00e1kjai \u00e9rkeztek hozz\u00e1nk. A <a href=\"https:\/\/summacum.lauder.hu\/index.php\/2024\/05\/02\/multivator-24-innovaciok-a-jovoert-a-budai-technikum-tizedikesei-a-diaklaborban\/\" data-type=\"URL\" data-id=\"https:\/\/summacum.lauder.hu\/index.php\/2024\/05\/02\/multivator-24-innovaciok-a-jovoert-a-budai-technikum-tizedikesei-a-diaklaborban\/\" target=\"_blank\" rel=\"noreferrer noopener\">tizedikeseket<\/a> ez\u00fattal egy tizenegyedikes oszt\u00e1ly k\u00f6vette <strong><em>Kup\u00e1sn\u00e9 Gazdag Izabella<\/em><\/strong> \u00e9s <em><strong>Veresn\u00e9 Dong\u00f3 Katalin<\/strong><\/em> tan\u00e1rn\u0151k vezet\u00e9s\u00e9vel. <\/p>\n\n\n\n<figure class=\"wp-block-image size-large\"><img loading=\"lazy\" width=\"1024\" height=\"525\" src=\"https:\/\/summacum.lauder.hu\/wp-content\/uploads\/2024\/05\/multi25-02-1024x525.jpg\" alt=\"\" class=\"wp-image-2495\" srcset=\"https:\/\/summacum.lauder.hu\/wp-content\/uploads\/2024\/05\/multi25-02-1024x525.jpg 1024w, https:\/\/summacum.lauder.hu\/wp-content\/uploads\/2024\/05\/multi25-02-300x154.jpg 300w, https:\/\/summacum.lauder.hu\/wp-content\/uploads\/2024\/05\/multi25-02-768x393.jpg 768w, https:\/\/summacum.lauder.hu\/wp-content\/uploads\/2024\/05\/multi25-02-1170x599.jpg 1170w, https:\/\/summacum.lauder.hu\/wp-content\/uploads\/2024\/05\/multi25-02.jpg 1499w\" sizes=\"(max-width: 1024px) 100vw, 1024px\" \/><\/figure>\n\n\n\n<p>Az els\u0151 k\u00e9t s\u00e1vban <em><strong>D\u00e1vid Anett<\/strong><\/em> fizikatan\u00e1r \u00e9s <em><strong>Palotai Andr\u00e1s <\/strong><\/em>informatikai szakember tartott m\u0171helyfoglalkoz\u00e1sokat. El\u0151bbin az &#8220;\u0171rkuka&#8221; tartalm\u00e1t elemezt\u00e9k a di\u00e1kok, \u00e1ttekintve az \u0171rkutat\u00e1s \u00e9s az emberes \u0171rhaj\u00f3z\u00e1s legfontosabb m\u00e9rf\u00f6ldk\u00f6veit, a k\u00f6r\u00fcl\u00f6tt\u00fcnk kering\u0151 \u0171robjektumok soksz\u00edn\u0171 vil\u00e1g\u00e1t. A csoportos feladatok, a kv\u00edz, az \u00f6n\u00e1ll\u00f3 kutat\u00e1s eszk\u00f6z\u00e9vel m\u00e9ly\u00fcltek el a fiatalok a t\u00e9m\u00e1ban. A m\u00e1sik workshopon a mesters\u00e9ges intelligencia nyom\u00e1ba eredtek az \u00e9rdekl\u0151d\u0151k. A napjainkba robban\u00e1szer\u0171en bet\u00f6r\u0151 \u00faj technol\u00f3gi\u00e1kat, el\u0151nyeiket, vesz\u00e9lyeiket, \u00e9let\u00fcnkre gyakorolt hat\u00e1saikat vett\u00e9k g\u00f3rcs\u0151 al\u00e1 a technikumosok. <\/p>\n\n\n\n<figure class=\"wp-block-image size-large\"><img loading=\"lazy\" width=\"1024\" height=\"729\" src=\"https:\/\/summacum.lauder.hu\/wp-content\/uploads\/2024\/05\/multi25-04-1024x729.jpg\" alt=\"\" class=\"wp-image-2497\" srcset=\"https:\/\/summacum.lauder.hu\/wp-content\/uploads\/2024\/05\/multi25-04-1024x729.jpg 1024w, https:\/\/summacum.lauder.hu\/wp-content\/uploads\/2024\/05\/multi25-04-300x214.jpg 300w, https:\/\/summacum.lauder.hu\/wp-content\/uploads\/2024\/05\/multi25-04-768x547.jpg 768w, https:\/\/summacum.lauder.hu\/wp-content\/uploads\/2024\/05\/multi25-04-1170x833.jpg 1170w, https:\/\/summacum.lauder.hu\/wp-content\/uploads\/2024\/05\/multi25-04.jpg 1337w\" sizes=\"(max-width: 1024px) 100vw, 1024px\" \/><\/figure>\n\n\n\n<p>A harmadik programelem egy k\u00f6z\u00f6s k\u00fcldet\u00e9s volt, mely sor\u00e1n egy-egy goly\u00f3p\u00e1ly\u00e1t \u00e9p\u00edtettek h\u00e9t, v\u00e9letlenszer\u0171en \u00f6ssze\u00e1ll\u00edtott csapatban a k\u00f6zgazdas\u00e1got tanul\u00f3 k\u00f6z\u00e9piskol\u00e1sok, <em><strong>Pasztern\u00e1k Andr\u00e1s <\/strong><\/em>tudom\u00e1nykommunik\u00e1tor koordin\u00e1l\u00e1s\u00e1val. A leg\u00fcgyesebb csoport t\u00f6bb mint h\u00fasz m\u00e1sodpercig tartotta mozg\u00e1sban a goly\u00f3t. A k\u00f6z\u00f6s \u00e9p\u00edtkez\u00e9s remek alakalom volt az energi\u00e1kkal kapcsolatos fizikai ismeretek feleleven\u00edt\u00e9s\u00e9re. <\/p>\n\n\n\n<figure class=\"wp-block-image size-large\"><img loading=\"lazy\" width=\"1024\" height=\"775\" src=\"https:\/\/summacum.lauder.hu\/wp-content\/uploads\/2024\/05\/multi25-03-1024x775.png\" alt=\"\" class=\"wp-image-2496\" srcset=\"https:\/\/summacum.lauder.hu\/wp-content\/uploads\/2024\/05\/multi25-03-1024x775.png 1024w, https:\/\/summacum.lauder.hu\/wp-content\/uploads\/2024\/05\/multi25-03-300x227.png 300w, https:\/\/summacum.lauder.hu\/wp-content\/uploads\/2024\/05\/multi25-03-768x581.png 768w, https:\/\/summacum.lauder.hu\/wp-content\/uploads\/2024\/05\/multi25-03-1170x885.png 1170w, https:\/\/summacum.lauder.hu\/wp-content\/uploads\/2024\/05\/multi25-03.png 1487w\" sizes=\"(max-width: 1024px) 100vw, 1024px\" \/><\/figure>\n\n\n\n<p>Az egy\u00fctt t\u00f6lt\u00f6tt h\u00e1rom \u00f3ra alatt jutott id\u0151 a 3D-s z-Space termin\u00e1lok kipr\u00f3b\u00e1l\u00e1s\u00e1ra is. <\/p>\n\n\n\n<p>Z\u00e1r\u00e1sk\u00e9nt \u00e1tad\u00e1sra ker\u00fcltek a MULTIV\u00c1TOR-oklevelek, mindenki v\u00e1laszthatott aj\u00e1nd\u00e9kk\u00e9nt egy m\u00f3k\u00e1s, tudom\u00e1nyos matric\u00e1t. <\/p>\n\n\n\n<p><em>Az el\u0151z\u0151 oszt\u00e1lyhoz hasonl\u00f3an, ism\u00e9t lelkes, \u00e9rdekl\u0151d\u0151 fiatalokkal tal\u00e1lkoztunk, \u00f6r\u00f6m volt ma egy\u00fctt tanulnunk!<\/em> <em>A szervez\u00e9s\u00e9rt k\u00f6sz\u00f6net\u00a0<strong>Katona Be\u00e1ta<\/strong>\u00a0tan\u00e1rn\u0151nek!<\/em><\/p>\n\n\n\n<hr class=\"wp-block-separator\"\/>\n\n\n\n<p><em>A p\u00e1ly\u00e1zat k\u00f3dja: XIA-DI\u00c1KLABOR-23-01<\/em><\/p>\n\n\n\n<p><em>Kedvezm\u00e9nyezett: Vil\u00e1gi Zsid\u00f3 Iskola Alap\u00edtv\u00e1ny<\/em><\/p>\n\n\n\n<p><em>Megval\u00f3s\u00edt\u00e1si helysz\u00edn: Lauder Javne Zsid\u00f3 K\u00f6z\u00f6ss\u00e9gi \u00d3voda, \u00c1ltal\u00e1nos Iskola, Gimn\u00e1zium \u00e9s Zenei Alapfok\u00fa M\u0171v\u00e9szeti Iskola<\/em><\/p>\n\n\n\n<p><em>T\u00e1mogat\u00f3: Nemzeti Kutat\u00e1si, Fejleszt\u00e9si \u00e9s Innov\u00e1ci\u00f3s Hivatal, az NKFI Alapb\u00f3l megval\u00f3sul\u00f3 projekt, Nemzeti Innov\u00e1ci\u00f3s \u00dcgyn\u00f6ks\u00e9g Nonprofit Zrt.<\/em><\/p>\n","protected":false},"excerpt":{"rendered":"<p>M\u00e1jus 7-\u00e9n, husz\u00f6n\u00f6t\u00f6dik alkalommal rendezt\u00fck meg a &#8220;Legyetek Ti is MULTIV\u00c1TOROK!&#8221; tudom\u00e1nyos \u00e9lm\u00e9nynapot a Lauder Multiverzum Innov\u00e1ci\u00f3s T\u00e9r (MIT) Di\u00e1klaborban. Kedden d\u00e9lel\u0151tt ism\u00e9t a Budapesti Gazdas\u00e1gi Szakk\u00e9pz\u00e9si Centrum Budai Technikum\u00e1nak\u00a0di\u00e1kjai \u00e9rkeztek hozz\u00e1nk. A tizedikeseket ez\u00fattal egy tizenegyedikes oszt\u00e1ly k\u00f6vette Kup\u00e1sn\u00e9 Gazdag Izabella \u00e9s Veresn\u00e9 Dong\u00f3 Katalin tan\u00e1rn\u0151k vezet\u00e9s\u00e9vel. Az els\u0151 k\u00e9t s\u00e1vban D\u00e1vid Anett fizikatan\u00e1r \u00e9s Palotai Andr\u00e1s informatikai szakember tartott m\u0171helyfoglalkoz\u00e1sokat. El\u0151bbin az &#8220;\u0171rkuka&#8221; tartalm\u00e1t elemezt\u00e9k a di\u00e1kok, \u00e1ttekintve az \u0171rkutat\u00e1s \u00e9s az emberes \u0171rhaj\u00f3z\u00e1s legfontosabb m\u00e9rf\u00f6ldk\u00f6veit, a k\u00f6r\u00fcl\u00f6tt\u00fcnk<\/p>\n","protected":false},"author":3,"featured_media":2494,"comment_status":"closed","ping_status":"open","sticky":false,"template":"","format":"standard","meta":[],"categories":[245,321,322,324,341],"tags":[199,369,363,342,24],"_links":{"self":[{"href":"https:\/\/summacum.lauder.hu\/index.php\/wp-json\/wp\/v2\/posts\/2493"}],"collection":[{"href":"https:\/\/summacum.lauder.hu\/index.php\/wp-json\/wp\/v2\/posts"}],"about":[{"href":"https:\/\/summacum.lauder.hu\/index.php\/wp-json\/wp\/v2\/types\/post"}],"author":[{"embeddable":true,"href":"https:\/\/summacum.lauder.hu\/index.php\/wp-json\/wp\/v2\/users\/3"}],"replies":[{"embeddable":true,"href":"https:\/\/summacum.lauder.hu\/index.php\/wp-json\/wp\/v2\/comments?post=2493"}],"version-history":[{"count":4,"href":"https:\/\/summacum.lauder.hu\/index.php\/wp-json\/wp\/v2\/posts\/2493\/revisions"}],"predecessor-version":[{"id":2502,"href":"https:\/\/summacum.lauder.hu\/index.php\/wp-json\/wp\/v2\/posts\/2493\/revisions\/2502"}],"wp:featuredmedia":[{"embeddable":true,"href":"https:\/\/summacum.lauder.hu\/index.php\/wp-json\/wp\/v2\/media\/2494"}],"wp:attachment":[{"href":"https:\/\/summacum.lauder.hu\/index.php\/wp-json\/wp\/v2\/media?parent=2493"}],"wp:term":[{"taxonomy":"category","embeddable":true,"href":"https:\/\/summacum.lauder.hu\/index.php\/wp-json\/wp\/v2\/categories?post=2493"},{"taxonomy":"post_tag","embeddable":true,"href":"https:\/\/summacum.lauder.hu\/index.php\/wp-json\/wp\/v2\/tags?post=2493"}],"curies":[{"name":"wp","href":"https:\/\/api.w.org\/{rel}","templated":true}]}}