{"id":2666,"date":"2024-06-02T13:08:30","date_gmt":"2024-06-02T13:08:30","guid":{"rendered":"https:\/\/summacum.lauder.hu\/?p=2666"},"modified":"2024-06-02T13:08:31","modified_gmt":"2024-06-02T13:08:31","slug":"horn-david-az-oregedes-elleni-kuzdelem-az-emberi-elettartam-meghosszabbitasa","status":"publish","type":"post","link":"https:\/\/summacum.lauder.hu\/index.php\/2024\/06\/02\/horn-david-az-oregedes-elleni-kuzdelem-az-emberi-elettartam-meghosszabbitasa\/","title":{"rendered":"Horn D\u00e1vid: Az \u00f6reged\u00e9s elleni k\u00fczdelem \u2013 Az emberi \u00e9lettartam meghosszabb\u00edt\u00e1sa"},"content":{"rendered":"\n<p>&#8220;Az emberi \u00e9lettartam meghosszabb\u00edt\u00e1sa \u00e9vsz\u00e1zadok \u00f3ta foglalkoztatja az<br>emberis\u00e9get, \u00e9s sz\u00e1mos kutat\u00e1si ir\u00e1nyba vezetett. A meg\u00e9rt\u00e9s \u00e9s  beavatkoz\u00e1s lehet\u0151s\u00e9gei k\u00f6z\u00f6tt szerepelnek biol\u00f3giai folyamatok, orvosi elj\u00e1r\u00e1sok \u00e9s term\u00e9szetes m\u00f3dszerek is. Ez az essz\u00e9 bemutatja az \u00f6reged\u00e9s biol\u00f3giai h\u00e1tter\u00e9t, az orvosi \u00e9s term\u00e9szetes lehet\u0151s\u00e9geket az \u00e9lettartam meghosszabb\u00edt\u00e1s\u00e1ra, illetve a kutat\u00e1si eredm\u00e9nyeket \u00e9s az etikai k\u00e9rd\u00e9seket ezen a ter\u00fcleten.&#8221; &#8211; tov\u00e1bb a <a href=\"https:\/\/docs.lauder.hu\/esszeprojekt\/pdf\/2324\/Horn_D%C3%A1vid.pdf\" data-type=\"URL\" data-id=\"https:\/\/docs.lauder.hu\/esszeprojekt\/pdf\/2324\/Horn_D%C3%A1vid.pdf\" target=\"_blank\" rel=\"noreferrer noopener\">teljes essz\u00e9hez<\/a><\/p>\n\n\n\n<p><em>A kezdem\u00e9nyez\u00e9sr\u0151l:<\/em>\u00a0<em>A dolgozat a NYIT \u00e9vfolyam essz\u00e9projektj\u00e9nek keret\u00e9ben k\u00e9sz\u00fclt. Az egy\u00e9ni munka\u00a0v\u00e9gigvitele (az\u00a0essz\u00e9\u00a0meg\u00edr\u00e1sa) mellett a szak\u00e9rt\u0151kkel val\u00f3 kapcsolattart\u00e1s \u00e9s kommunik\u00e1ci\u00f3 volt a feladat\u00a0egyik legfontosabb eleme. A di\u00e1kok tizen\u00f6t \u00e9vesek, j\u00f6v\u0151re kezdik a gimn\u00e1ziumi \u00e9veiket.<\/em><\/p>\n\n\n\n<p><\/p>\n","protected":false},"excerpt":{"rendered":"<p>&#8220;Az emberi \u00e9lettartam meghosszabb\u00edt\u00e1sa \u00e9vsz\u00e1zadok \u00f3ta foglalkoztatja azemberis\u00e9get, \u00e9s sz\u00e1mos kutat\u00e1si ir\u00e1nyba vezetett. A meg\u00e9rt\u00e9s \u00e9s beavatkoz\u00e1s lehet\u0151s\u00e9gei k\u00f6z\u00f6tt szerepelnek biol\u00f3giai folyamatok, orvosi elj\u00e1r\u00e1sok \u00e9s term\u00e9szetes m\u00f3dszerek is. Ez az essz\u00e9 bemutatja az \u00f6reged\u00e9s biol\u00f3giai h\u00e1tter\u00e9t, az orvosi \u00e9s term\u00e9szetes lehet\u0151s\u00e9geket az \u00e9lettartam meghosszabb\u00edt\u00e1s\u00e1ra, illetve a kutat\u00e1si eredm\u00e9nyeket \u00e9s az etikai k\u00e9rd\u00e9seket ezen a ter\u00fcleten.&#8221; &#8211; tov\u00e1bb a teljes essz\u00e9hez A kezdem\u00e9nyez\u00e9sr\u0151l:\u00a0A dolgozat a NYIT \u00e9vfolyam essz\u00e9projektj\u00e9nek keret\u00e9ben k\u00e9sz\u00fclt. Az egy\u00e9ni munka\u00a0v\u00e9gigvitele (az\u00a0essz\u00e9\u00a0meg\u00edr\u00e1sa) mellett a szak\u00e9rt\u0151kkel val\u00f3 kapcsolattart\u00e1s \u00e9s kommunik\u00e1ci\u00f3<\/p>\n","protected":false},"author":3,"featured_media":2668,"comment_status":"closed","ping_status":"open","sticky":false,"template":"","format":"standard","meta":[],"categories":[245,438],"tags":[432,447,28],"_links":{"self":[{"href":"https:\/\/summacum.lauder.hu\/index.php\/wp-json\/wp\/v2\/posts\/2666"}],"collection":[{"href":"https:\/\/summacum.lauder.hu\/index.php\/wp-json\/wp\/v2\/posts"}],"about":[{"href":"https:\/\/summacum.lauder.hu\/index.php\/wp-json\/wp\/v2\/types\/post"}],"author":[{"embeddable":true,"href":"https:\/\/summacum.lauder.hu\/index.php\/wp-json\/wp\/v2\/users\/3"}],"replies":[{"embeddable":true,"href":"https:\/\/summacum.lauder.hu\/index.php\/wp-json\/wp\/v2\/comments?post=2666"}],"version-history":[{"count":2,"href":"https:\/\/summacum.lauder.hu\/index.php\/wp-json\/wp\/v2\/posts\/2666\/revisions"}],"predecessor-version":[{"id":2669,"href":"https:\/\/summacum.lauder.hu\/index.php\/wp-json\/wp\/v2\/posts\/2666\/revisions\/2669"}],"wp:featuredmedia":[{"embeddable":true,"href":"https:\/\/summacum.lauder.hu\/index.php\/wp-json\/wp\/v2\/media\/2668"}],"wp:attachment":[{"href":"https:\/\/summacum.lauder.hu\/index.php\/wp-json\/wp\/v2\/media?parent=2666"}],"wp:term":[{"taxonomy":"category","embeddable":true,"href":"https:\/\/summacum.lauder.hu\/index.php\/wp-json\/wp\/v2\/categories?post=2666"},{"taxonomy":"post_tag","embeddable":true,"href":"https:\/\/summacum.lauder.hu\/index.php\/wp-json\/wp\/v2\/tags?post=2666"}],"curies":[{"name":"wp","href":"https:\/\/api.w.org\/{rel}","templated":true}]}}