{"id":2689,"date":"2024-06-06T18:48:41","date_gmt":"2024-06-06T18:48:41","guid":{"rendered":"https:\/\/summacum.lauder.hu\/?p=2689"},"modified":"2024-12-06T11:52:06","modified_gmt":"2024-12-06T11:52:06","slug":"multivator-31-robotokkal-ismerkedtek-a-pal-apostol-katolikus-ovoda-altalanos-iskola-es-gimnazium-kilencedikesei","status":"publish","type":"post","link":"https:\/\/summacum.lauder.hu\/index.php\/2024\/06\/06\/multivator-31-robotokkal-ismerkedtek-a-pal-apostol-katolikus-ovoda-altalanos-iskola-es-gimnazium-kilencedikesei\/","title":{"rendered":"Multiv\u00e1tor #31: Robotokkal ismerkedtek a P\u00e1l Apostol Katolikus \u00d3voda, \u00c1ltal\u00e1nos Iskola \u00e9s Gimn\u00e1zium kilencedikesei"},"content":{"rendered":"\n<p>J\u00fanius 6-\u00e1n<a href=\"https:\/\/summacum.lauder.hu\/index.php\/2024\/04\/12\/multivator-21-bolygok-es-robotkarok-a-pal-apostol-katolikus-ovoda-altalanos-iskola-es-gimnazium-kilencedikesei-a-diaklaborban\/\" data-type=\"URL\" data-id=\"https:\/\/summacum.lauder.hu\/index.php\/2024\/04\/12\/multivator-21-bolygok-es-robotkarok-a-pal-apostol-katolikus-ovoda-altalanos-iskola-es-gimnazium-kilencedikesei-a-diaklaborban\/\" target=\"_blank\" rel=\"noreferrer noopener\"> ism\u00e9t <\/a>a <em>P\u00e1l Apostol Katolikus \u00d3voda, \u00c1ltal\u00e1nos Iskola \u00e9s Gimn\u00e1ziumb\u00f3l <\/em>\u00e9rkezett egy kilencedikes oszt\u00e1ly a <em>&#8220;Legyetek Ti is MULTIV\u00c1TOROK!&#8221;<\/em> tudom\u00e1nyos \u00e9lm\u00e9nynapra. A csapatot<strong><em> Belcs\u00e1kn\u00e9 Koncz \u00c1gnes<\/em><\/strong> \u00e9s <em><strong>Horv\u00e1th Verita<\/strong><\/em> tan\u00e1rn\u0151k k\u00eds\u00e9rt\u00e9k. <\/p>\n\n\n\n<figure class=\"wp-block-image size-large\"><img loading=\"lazy\" width=\"1024\" height=\"460\" src=\"https:\/\/summacum.lauder.hu\/wp-content\/uploads\/2024\/06\/multi31-02-1024x460.jpg\" alt=\"\" class=\"wp-image-2691\" srcset=\"https:\/\/summacum.lauder.hu\/wp-content\/uploads\/2024\/06\/multi31-02-1024x460.jpg 1024w, https:\/\/summacum.lauder.hu\/wp-content\/uploads\/2024\/06\/multi31-02-300x135.jpg 300w, https:\/\/summacum.lauder.hu\/wp-content\/uploads\/2024\/06\/multi31-02-768x345.jpg 768w, https:\/\/summacum.lauder.hu\/wp-content\/uploads\/2024\/06\/multi31-02-1170x526.jpg 1170w, https:\/\/summacum.lauder.hu\/wp-content\/uploads\/2024\/06\/multi31-02.jpg 1500w\" sizes=\"(max-width: 1024px) 100vw, 1024px\" \/><\/figure>\n\n\n\n<p>A rendezv\u00e9ny els\u0151 k\u00e9t s\u00e1vj\u00e1ban<strong><em> Juh\u00e1sz M\u00f3nika<\/em><\/strong> digit\u00e1lis kult\u00fara tan\u00e1r \u00e9s <strong><em>Koczka Benjamin<\/em><\/strong>, Tech-csapatunk vezet\u0151je a robotkarok tudom\u00e1ny\u00e1t hozta k\u00f6zelebb a fiatalokhoz. A bevezet\u0151 k\u00f6z\u00f6s besz\u00e9lget\u00e9st k\u00f6vet\u0151en a programozhat\u00f3, a t\u00e1vir\u00e1ny\u00edthat\u00f3 \u00e9s a rajzol\u00f3 robotkarokat pr\u00f3b\u00e1lt\u00e1k ki az \u00e9rdekl\u0151d\u0151k. <\/p>\n\n\n\n<figure class=\"wp-block-image size-large\"><img loading=\"lazy\" width=\"1024\" height=\"553\" src=\"https:\/\/summacum.lauder.hu\/wp-content\/uploads\/2024\/06\/multi31-04-1024x553.jpg\" alt=\"\" class=\"wp-image-2693\" srcset=\"https:\/\/summacum.lauder.hu\/wp-content\/uploads\/2024\/06\/multi31-04-1024x553.jpg 1024w, https:\/\/summacum.lauder.hu\/wp-content\/uploads\/2024\/06\/multi31-04-300x162.jpg 300w, https:\/\/summacum.lauder.hu\/wp-content\/uploads\/2024\/06\/multi31-04-768x414.jpg 768w, https:\/\/summacum.lauder.hu\/wp-content\/uploads\/2024\/06\/multi31-04-1170x631.jpg 1170w, https:\/\/summacum.lauder.hu\/wp-content\/uploads\/2024\/06\/multi31-04.jpg 1503w\" sizes=\"(max-width: 1024px) 100vw, 1024px\" \/><\/figure>\n\n\n\n<p><strong><em>Hal\u00e1k L\u00e1szl\u00f3<\/em><\/strong> m\u00e9dia designer interakt\u00edv m\u0171helyfoglalkoz\u00e1sa a puha robotokra f\u00f3kusz\u00e1lt. A tudom\u00e1nyt\u00f6rt\u00e9neti \u00e1ttekint\u00e9st k\u00f6vet\u0151en az alkalmaz\u00e1si ter\u00fcleteket vett\u00e9k sz\u00e1mba a csoportok, majd mindenki elk\u00e9sz\u00edthette, tesztelhette \u00e9s fejleszthette s\u00e1j\u00e1t puha robotj\u00e1t. A workshopon jutott id\u0151 a 3D-s z-Space termin\u00e1lok megismer\u00e9s\u00e9re is.<\/p>\n\n\n\n<figure class=\"wp-block-image size-large\"><img loading=\"lazy\" width=\"1024\" height=\"547\" src=\"https:\/\/summacum.lauder.hu\/wp-content\/uploads\/2024\/06\/multi31-05-1024x547.jpg\" alt=\"\" class=\"wp-image-2694\" srcset=\"https:\/\/summacum.lauder.hu\/wp-content\/uploads\/2024\/06\/multi31-05-1024x547.jpg 1024w, https:\/\/summacum.lauder.hu\/wp-content\/uploads\/2024\/06\/multi31-05-300x160.jpg 300w, https:\/\/summacum.lauder.hu\/wp-content\/uploads\/2024\/06\/multi31-05-768x410.jpg 768w, https:\/\/summacum.lauder.hu\/wp-content\/uploads\/2024\/06\/multi31-05-1170x625.jpg 1170w, https:\/\/summacum.lauder.hu\/wp-content\/uploads\/2024\/06\/multi31-05.jpg 1503w\" sizes=\"(max-width: 1024px) 100vw, 1024px\" \/><\/figure>\n\n\n\n<p>A harmadik s\u00e1vban egy m\u00e9rn\u00f6ki k\u00fcldet\u00e9s v\u00e1rta a k\u00f6z\u00e9piskol\u00e1sokat <strong><em>Pasztern\u00e1k Andr\u00e1s<\/em><\/strong> vezet\u00e9s\u00e9vel. A goly\u00f3p\u00e1ly\u00e1k mestereit kerest\u00fck, a leg\u00fcgyesebbek 22 m\u00e1sodpercig tartott\u00e1k mozg\u00e1sban a goly\u00f3t a kreat\u00edvan fel\u00e9p\u00edtett csatorn\u00e1ban.<\/p>\n\n\n\n<figure class=\"wp-block-image size-large\"><img loading=\"lazy\" width=\"1024\" height=\"493\" src=\"https:\/\/summacum.lauder.hu\/wp-content\/uploads\/2024\/06\/multi31-03-1024x493.jpg\" alt=\"\" class=\"wp-image-2692\" srcset=\"https:\/\/summacum.lauder.hu\/wp-content\/uploads\/2024\/06\/multi31-03-1024x493.jpg 1024w, https:\/\/summacum.lauder.hu\/wp-content\/uploads\/2024\/06\/multi31-03-300x144.jpg 300w, https:\/\/summacum.lauder.hu\/wp-content\/uploads\/2024\/06\/multi31-03-768x369.jpg 768w, https:\/\/summacum.lauder.hu\/wp-content\/uploads\/2024\/06\/multi31-03-1170x563.jpg 1170w, https:\/\/summacum.lauder.hu\/wp-content\/uploads\/2024\/06\/multi31-03.jpg 1499w\" sizes=\"(max-width: 1024px) 100vw, 1024px\" \/><\/figure>\n\n\n\n<p>Z\u00e1r\u00e1sk\u00e9nt minden r\u00e9sztvev\u0151 megkapta a MULTIV\u00c1TOR-oklevel\u00e9t, v\u00e1laszthatott egy-egy m\u00f3k\u00e1s, tudom\u00e1nyos matric\u00e1t.<\/p>\n\n\n\n<p class=\"has-text-align-right\"><em>K\u00f6sz\u00f6nj\u00fck a k\u00f6z\u00f6s innovat\u00edv \u00e9lm\u00e9nyeket!<\/em><\/p>\n\n\n\n<hr class=\"wp-block-separator\"\/>\n\n\n\n<p><em>A p\u00e1ly\u00e1zat k\u00f3dja: XIA-DI\u00c1KLABOR-23-01<\/em><\/p>\n\n\n\n<p><em>Kedvezm\u00e9nyezett: Vil\u00e1gi Zsid\u00f3 Iskola Alap\u00edtv\u00e1ny<\/em><\/p>\n\n\n\n<p><em>Megval\u00f3s\u00edt\u00e1si helysz\u00edn: Lauder Javne Zsid\u00f3 K\u00f6z\u00f6ss\u00e9gi \u00d3voda, \u00c1ltal\u00e1nos Iskola, Gimn\u00e1zium \u00e9s Zenei Alapfok\u00fa M\u0171v\u00e9szeti Iskola<\/em><\/p>\n\n\n\n<p><em>T\u00e1mogat\u00f3: Nemzeti Kutat\u00e1si, Fejleszt\u00e9si \u00e9s Innov\u00e1ci\u00f3s Hivatal, az NKFI Alapb\u00f3l megval\u00f3sul\u00f3 projekt, Nemzeti Innov\u00e1ci\u00f3s \u00dcgyn\u00f6ks\u00e9g Nonprofit Zrt.<\/em><\/p>\n","protected":false},"excerpt":{"rendered":"<p>J\u00fanius 6-\u00e1n ism\u00e9t a P\u00e1l Apostol Katolikus \u00d3voda, \u00c1ltal\u00e1nos Iskola \u00e9s Gimn\u00e1ziumb\u00f3l \u00e9rkezett egy kilencedikes oszt\u00e1ly a &#8220;Legyetek Ti is MULTIV\u00c1TOROK!&#8221; tudom\u00e1nyos \u00e9lm\u00e9nynapra. A csapatot Belcs\u00e1kn\u00e9 Koncz \u00c1gnes \u00e9s Horv\u00e1th Verita tan\u00e1rn\u0151k k\u00eds\u00e9rt\u00e9k. A rendezv\u00e9ny els\u0151 k\u00e9t s\u00e1vj\u00e1ban Juh\u00e1sz M\u00f3nika digit\u00e1lis kult\u00fara tan\u00e1r \u00e9s Koczka Benjamin, Tech-csapatunk vezet\u0151je a robotkarok tudom\u00e1ny\u00e1t hozta k\u00f6zelebb a fiatalokhoz. A bevezet\u0151 k\u00f6z\u00f6s besz\u00e9lget\u00e9st k\u00f6vet\u0151en a programozhat\u00f3, a t\u00e1vir\u00e1ny\u00edthat\u00f3 \u00e9s a rajzol\u00f3 robotkarokat pr\u00f3b\u00e1lt\u00e1k ki az \u00e9rdekl\u0151d\u0151k. Hal\u00e1k L\u00e1szl\u00f3 m\u00e9dia designer interakt\u00edv m\u0171helyfoglalkoz\u00e1sa a puha<\/p>\n","protected":false},"author":3,"featured_media":2690,"comment_status":"closed","ping_status":"open","sticky":false,"template":"","format":"standard","meta":[],"categories":[245,321,322,324,341],"tags":[199,363,121,342,407,163,24],"_links":{"self":[{"href":"https:\/\/summacum.lauder.hu\/index.php\/wp-json\/wp\/v2\/posts\/2689"}],"collection":[{"href":"https:\/\/summacum.lauder.hu\/index.php\/wp-json\/wp\/v2\/posts"}],"about":[{"href":"https:\/\/summacum.lauder.hu\/index.php\/wp-json\/wp\/v2\/types\/post"}],"author":[{"embeddable":true,"href":"https:\/\/summacum.lauder.hu\/index.php\/wp-json\/wp\/v2\/users\/3"}],"replies":[{"embeddable":true,"href":"https:\/\/summacum.lauder.hu\/index.php\/wp-json\/wp\/v2\/comments?post=2689"}],"version-history":[{"count":1,"href":"https:\/\/summacum.lauder.hu\/index.php\/wp-json\/wp\/v2\/posts\/2689\/revisions"}],"predecessor-version":[{"id":2695,"href":"https:\/\/summacum.lauder.hu\/index.php\/wp-json\/wp\/v2\/posts\/2689\/revisions\/2695"}],"wp:featuredmedia":[{"embeddable":true,"href":"https:\/\/summacum.lauder.hu\/index.php\/wp-json\/wp\/v2\/media\/2690"}],"wp:attachment":[{"href":"https:\/\/summacum.lauder.hu\/index.php\/wp-json\/wp\/v2\/media?parent=2689"}],"wp:term":[{"taxonomy":"category","embeddable":true,"href":"https:\/\/summacum.lauder.hu\/index.php\/wp-json\/wp\/v2\/categories?post=2689"},{"taxonomy":"post_tag","embeddable":true,"href":"https:\/\/summacum.lauder.hu\/index.php\/wp-json\/wp\/v2\/tags?post=2689"}],"curies":[{"name":"wp","href":"https:\/\/api.w.org\/{rel}","templated":true}]}}