{"id":2836,"date":"2024-08-26T19:28:30","date_gmt":"2024-08-26T19:28:30","guid":{"rendered":"https:\/\/summacum.lauder.hu\/?p=2836"},"modified":"2024-08-26T19:28:32","modified_gmt":"2024-08-26T19:28:32","slug":"mit-uzen-a-vilagur-csillagaszati-megfigyeles-a-keter-kupolabol-7-13-evfolyamos-diakoknak-es-kiseroiknek","status":"publish","type":"post","link":"https:\/\/summacum.lauder.hu\/index.php\/2024\/08\/26\/mit-uzen-a-vilagur-csillagaszati-megfigyeles-a-keter-kupolabol-7-13-evfolyamos-diakoknak-es-kiseroiknek\/","title":{"rendered":"MIT \u00fczen a vil\u00e1g\u0171r? &#8211; Csillag\u00e1szati megfigyel\u00e9s a KETER kupol\u00e1b\u00f3l 7-13. \u00e9vfolyamos di\u00e1koknak \u00e9s k\u00eds\u00e9r\u0151iknek"},"content":{"rendered":"\n<p>A\u00a0<em>Lauder Multiverzum Innov\u00e1ci\u00f3s T\u00e9r (MIT) Di\u00e1klabor<\/em><strong> <a rel=\"noreferrer noopener\" href=\"https:\/\/summacum.lauder.hu\/index.php\/csillagvizsgalo\/\" data-type=\"URL\" data-id=\"https:\/\/summacum.lauder.hu\/index.php\/csillagvizsgalo\/\" target=\"_blank\">KETER kupol\u00e1ja<\/a>\u00a02024. szeptember 10-11-\u00e9n<\/strong> megny\u00edlik a csillag\u00e1szat ir\u00e1nt \u00e9rdekl\u0151d\u0151 7-13. \u00e9vfolyamos di\u00e1kok, sz\u00fcleik, nagysz\u00fcleik \u00e9s tan\u00e1raik el\u0151tt. 19 \u00e9s 22 \u00f3ra k\u00f6z\u00f6tt v\u00e1rjuk az \u00e9rdekl\u0151d\u0151ket a <em>Lauder Javne Iskol\u00e1ba<\/em>.<\/p>\n\n\n\n<p>A\u00a0<em>Selye J\u00e1nos Di\u00e1klaborh\u00e1l\u00f3zat<\/em>\u00a0ki\u00e9p\u00edt\u00e9se projekt j\u00f3volt\u00e1b\u00f3l a Hold-megfigyel\u00e9sen\u00a0val\u00f3 <strong>r\u00e9szv\u00e9tel ingyenes<\/strong>, az <strong>el\u0151zetes regisztr\u00e1ci\u00f3 k\u00f6telez\u0151<\/strong>, ez az<a rel=\"noreferrer noopener\" href=\"https:\/\/jelentkezes.lauder.hu\/keter-regisztracio\" data-type=\"URL\" data-id=\"https:\/\/jelentkezes.lauder.hu\/keter-regisztracio\" target=\"_blank\"> al\u00e1bbi linken<\/a> \u00e9rhet\u0151 el. <em>Minden jelentkez\u0151 csapatban legal\u00e1bb egy 7-13. \u00e9vfolyamos di\u00e1knak kell lennie.\u00a0<\/em><\/p>\n\n\n\n<p>A foglalkoz\u00e1sokat\u00a0<strong><em>Hor\u00e1nyi G\u00e1bor<\/em><\/strong>, a\u00a0<em>Lauder Javne Iskola<\/em>\u00a0f\u0151igazgat\u00f3ja, fizikatan\u00e1r vezeti.<\/p>\n\n\n\n<p><em>A rendezv\u00e9nyen megjelenteknek jelenl\u00e9ti \u00edven, al\u00e1\u00edr\u00e1sukkal kell igazolniuk a r\u00e9szv\u00e9telt. A p\u00e1ly\u00e1zati felt\u00e9teleknek megfelel\u0151en az este sor\u00e1n f\u00e9nyk\u00e9pek k\u00e9sz\u00fclnek.\u00a0<\/em><\/p>\n\n\n\n<p>A csillagvizsg\u00e1l\u00f3 az iskola tetej\u00e9n tal\u00e1lhat\u00f3, a tet\u0151t\u00e9r egy meredekebb l\u00e9pcs\u0151n \u00e1t k\u00f6zel\u00edthet\u0151 meg. Kedvez\u0151tlen id\u0151j\u00e1r\u00e1si viszonyok eset\u00e9n a program v\u00e1ltozhat, err\u0151l az el\u0151zetesen regisztr\u00e1ltaknak \u00e9rtes\u00edt\u00e9st k\u00fcld\u00fcnk a megadott e-mail c\u00edmre.<\/p>\n\n\n\n<p>A helysz\u00edn megk\u00f6zel\u00edt\u00e9se:<\/p>\n\n\n\n<p><em>&#8211; c\u00edm\u00fcnk<\/em>:\u00a0<strong>1121 Budapest, Budakeszi \u00fat 48.<\/strong><em> <\/em><\/p>\n\n\n\n<p><em>&#8211; t\u00f6megk\u00f6zleked\u00e9ssel:<\/em>\u00a0a\u00a0<strong>22, 22A, 222-es busszal<\/strong>\u00a0\u00e9rhet\u0151 el az iskola a\u00a0Sz\u00e9ll\u00a0K\u00e1lm\u00e1n\u00a0t\u00e9rr\u0151l, a\u00a0<strong>V\u00edzm\u0171vek\u00a0meg\u00e1ll\u00f3ban<\/strong>\u00a0kell lesz\u00e1llni\u00a0(a\u00a0<em>B\u00edr\u00f3s\u00e1g\u00a0<\/em>meg\u00e1ll\u00f3 ut\u00e1n), az iskola a meg\u00e1ll\u00f3val szemk\u00f6zt van\u00a0\u00a0<\/p>\n\n\n\n<hr class=\"wp-block-separator\"\/>\n\n\n\n<p><em>A p\u00e1ly\u00e1zat k\u00f3dja: XIA-DI\u00c1KLABOR-23-01<\/em><\/p>\n\n\n\n<p><em>Kedvezm\u00e9nyezett: Vil\u00e1gi Zsid\u00f3 Iskola Alap\u00edtv\u00e1ny<\/em><\/p>\n\n\n\n<p><em>Megval\u00f3s\u00edt\u00e1si helysz\u00edn: Lauder Javne Zsid\u00f3 K\u00f6z\u00f6ss\u00e9gi \u00d3voda, \u00c1ltal\u00e1nos Iskola, Gimn\u00e1zium \u00e9s Zenei Alapfok\u00fa M\u0171v\u00e9szeti Iskola<\/em><\/p>\n\n\n\n<p><em>T\u00e1mogat\u00f3: Nemzeti Kutat\u00e1si, Fejleszt\u00e9si \u00e9s Innov\u00e1ci\u00f3s Hivatal, az NKFI Alapb\u00f3l megval\u00f3sul\u00f3 projekt, Nemzeti Innov\u00e1ci\u00f3s \u00dcgyn\u00f6ks\u00e9g Nonprofit Zrt.<\/em><\/p>\n","protected":false},"excerpt":{"rendered":"<p>A\u00a0Lauder Multiverzum Innov\u00e1ci\u00f3s T\u00e9r (MIT) Di\u00e1klabor KETER kupol\u00e1ja\u00a02024. szeptember 10-11-\u00e9n megny\u00edlik a csillag\u00e1szat ir\u00e1nt \u00e9rdekl\u0151d\u0151 7-13. \u00e9vfolyamos di\u00e1kok, sz\u00fcleik, nagysz\u00fcleik \u00e9s tan\u00e1raik el\u0151tt. 19 \u00e9s 22 \u00f3ra k\u00f6z\u00f6tt v\u00e1rjuk az \u00e9rdekl\u0151d\u0151ket a Lauder Javne Iskol\u00e1ba. A\u00a0Selye J\u00e1nos Di\u00e1klaborh\u00e1l\u00f3zat\u00a0ki\u00e9p\u00edt\u00e9se projekt j\u00f3volt\u00e1b\u00f3l a Hold-megfigyel\u00e9sen\u00a0val\u00f3 r\u00e9szv\u00e9tel ingyenes, az el\u0151zetes regisztr\u00e1ci\u00f3 k\u00f6telez\u0151, ez az al\u00e1bbi linken \u00e9rhet\u0151 el. Minden jelentkez\u0151 csapatban legal\u00e1bb egy 7-13. \u00e9vfolyamos di\u00e1knak kell lennie.\u00a0 A foglalkoz\u00e1sokat\u00a0Hor\u00e1nyi G\u00e1bor, a\u00a0Lauder Javne Iskola\u00a0f\u0151igazgat\u00f3ja, fizikatan\u00e1r vezeti. A rendezv\u00e9nyen megjelenteknek jelenl\u00e9ti \u00edven, al\u00e1\u00edr\u00e1sukkal kell igazolniuk<\/p>\n","protected":false},"author":3,"featured_media":2838,"comment_status":"closed","ping_status":"open","sticky":false,"template":"","format":"standard","meta":[],"categories":[245,321,322,324],"tags":[92,445,448,24],"_links":{"self":[{"href":"https:\/\/summacum.lauder.hu\/index.php\/wp-json\/wp\/v2\/posts\/2836"}],"collection":[{"href":"https:\/\/summacum.lauder.hu\/index.php\/wp-json\/wp\/v2\/posts"}],"about":[{"href":"https:\/\/summacum.lauder.hu\/index.php\/wp-json\/wp\/v2\/types\/post"}],"author":[{"embeddable":true,"href":"https:\/\/summacum.lauder.hu\/index.php\/wp-json\/wp\/v2\/users\/3"}],"replies":[{"embeddable":true,"href":"https:\/\/summacum.lauder.hu\/index.php\/wp-json\/wp\/v2\/comments?post=2836"}],"version-history":[{"count":3,"href":"https:\/\/summacum.lauder.hu\/index.php\/wp-json\/wp\/v2\/posts\/2836\/revisions"}],"predecessor-version":[{"id":2841,"href":"https:\/\/summacum.lauder.hu\/index.php\/wp-json\/wp\/v2\/posts\/2836\/revisions\/2841"}],"wp:featuredmedia":[{"embeddable":true,"href":"https:\/\/summacum.lauder.hu\/index.php\/wp-json\/wp\/v2\/media\/2838"}],"wp:attachment":[{"href":"https:\/\/summacum.lauder.hu\/index.php\/wp-json\/wp\/v2\/media?parent=2836"}],"wp:term":[{"taxonomy":"category","embeddable":true,"href":"https:\/\/summacum.lauder.hu\/index.php\/wp-json\/wp\/v2\/categories?post=2836"},{"taxonomy":"post_tag","embeddable":true,"href":"https:\/\/summacum.lauder.hu\/index.php\/wp-json\/wp\/v2\/tags?post=2836"}],"curies":[{"name":"wp","href":"https:\/\/api.w.org\/{rel}","templated":true}]}}