{"id":293,"date":"2021-10-07T17:24:50","date_gmt":"2021-10-07T17:24:50","guid":{"rendered":"https:\/\/4t.lauder.hu\/?p=293"},"modified":"2021-10-22T09:40:08","modified_gmt":"2021-10-22T09:40:08","slug":"elindult-a-lauder-innolab-steam-csoport-kozos-gondolkodasa","status":"publish","type":"post","link":"https:\/\/summacum.lauder.hu\/index.php\/2021\/10\/07\/elindult-a-lauder-innolab-steam-csoport-kozos-gondolkodasa\/","title":{"rendered":"Elindult a Lauder INNOLab STEAM csoport k\u00f6z\u00f6s gondolkod\u00e1sa"},"content":{"rendered":"\n<p>2021. okt\u00f3ber 7-\u00e9n este hatkor kezdet\u00e9t vette egy \u00faj utaz\u00e1s. A gimn\u00e1zium di\u00e1kjai, tan\u00e1rai h\u00e9tr\u0151l-h\u00e9tre egy\u00fctt gondolkodnak az el\u0151tt\u00fcnk \u00e1ll\u00f3 id\u0151szak technol\u00f3giai kih\u00edv\u00e1sainak mindennapi \u00e9let\u00fcnkre gyakorolt hat\u00e1sair\u00f3l. A csoport tagjai a m\u0171v\u00e9szetet \u00e9s a tudom\u00e1nyt seg\u00edts\u00e9g\u00fcl h\u00edvva alkotnak, \u00e9rtelmezik pl. a mesters\u00e9ges intelligencia, a robotika, az okoseszk\u00f6z\u00f6k t\u00e9rh\u00f3d\u00edt\u00e1s\u00e1t. Az online \u00e9s offline k\u00fcldet\u00e9sek mellett hazai \u00e9s k\u00fclf\u00f6ldi szak\u00e9rt\u0151k mutatnak ir\u00e1nyt a kezdem\u00e9nyez\u00e9s r\u00e9sztvev\u0151inek.  <\/p>\n\n\n\n<p>Az alkot\u00f3i k\u00f6z\u00f6ss\u00e9g munk\u00e1j\u00e1r\u00f3l rendszeresen besz\u00e1molunk majd a 4T blogon. <\/p>\n","protected":false},"excerpt":{"rendered":"<p>2021. okt\u00f3ber 7-\u00e9n este hatkor kezdet\u00e9t vette egy \u00faj utaz\u00e1s. A gimn\u00e1zium di\u00e1kjai, tan\u00e1rai h\u00e9tr\u0151l-h\u00e9tre egy\u00fctt gondolkodnak az el\u0151tt\u00fcnk \u00e1ll\u00f3 id\u0151szak technol\u00f3giai kih\u00edv\u00e1sainak mindennapi \u00e9let\u00fcnkre gyakorolt hat\u00e1sair\u00f3l. A csoport tagjai a m\u0171v\u00e9szetet \u00e9s a tudom\u00e1nyt seg\u00edts\u00e9g\u00fcl h\u00edvva alkotnak, \u00e9rtelmezik pl. a mesters\u00e9ges intelligencia, a robotika, az okoseszk\u00f6z\u00f6k t\u00e9rh\u00f3d\u00edt\u00e1s\u00e1t. Az online \u00e9s offline k\u00fcldet\u00e9sek mellett hazai \u00e9s k\u00fclf\u00f6ldi szak\u00e9rt\u0151k mutatnak ir\u00e1nyt a kezdem\u00e9nyez\u00e9s r\u00e9sztvev\u0151inek. Az alkot\u00f3i k\u00f6z\u00f6ss\u00e9g munk\u00e1j\u00e1r\u00f3l rendszeresen besz\u00e1molunk majd a 4T blogon.<\/p>\n","protected":false},"author":3,"featured_media":294,"comment_status":"open","ping_status":"open","sticky":false,"template":"","format":"standard","meta":[],"categories":[120],"tags":[119,116,43,118,117,35],"_links":{"self":[{"href":"https:\/\/summacum.lauder.hu\/index.php\/wp-json\/wp\/v2\/posts\/293"}],"collection":[{"href":"https:\/\/summacum.lauder.hu\/index.php\/wp-json\/wp\/v2\/posts"}],"about":[{"href":"https:\/\/summacum.lauder.hu\/index.php\/wp-json\/wp\/v2\/types\/post"}],"author":[{"embeddable":true,"href":"https:\/\/summacum.lauder.hu\/index.php\/wp-json\/wp\/v2\/users\/3"}],"replies":[{"embeddable":true,"href":"https:\/\/summacum.lauder.hu\/index.php\/wp-json\/wp\/v2\/comments?post=293"}],"version-history":[{"count":2,"href":"https:\/\/summacum.lauder.hu\/index.php\/wp-json\/wp\/v2\/posts\/293\/revisions"}],"predecessor-version":[{"id":296,"href":"https:\/\/summacum.lauder.hu\/index.php\/wp-json\/wp\/v2\/posts\/293\/revisions\/296"}],"wp:featuredmedia":[{"embeddable":true,"href":"https:\/\/summacum.lauder.hu\/index.php\/wp-json\/wp\/v2\/media\/294"}],"wp:attachment":[{"href":"https:\/\/summacum.lauder.hu\/index.php\/wp-json\/wp\/v2\/media?parent=293"}],"wp:term":[{"taxonomy":"category","embeddable":true,"href":"https:\/\/summacum.lauder.hu\/index.php\/wp-json\/wp\/v2\/categories?post=293"},{"taxonomy":"post_tag","embeddable":true,"href":"https:\/\/summacum.lauder.hu\/index.php\/wp-json\/wp\/v2\/tags?post=293"}],"curies":[{"name":"wp","href":"https:\/\/api.w.org\/{rel}","templated":true}]}}