{"id":312,"date":"2021-12-05T18:59:00","date_gmt":"2021-12-05T18:59:00","guid":{"rendered":"https:\/\/4t.lauder.hu\/?p=312"},"modified":"2022-01-10T13:34:03","modified_gmt":"2022-01-10T13:34:03","slug":"legyel-te-is-tudosito-diakjaink-cikkei-egy-szlovakiai-kozossegi-lapban","status":"publish","type":"post","link":"https:\/\/summacum.lauder.hu\/index.php\/2021\/12\/05\/legyel-te-is-tudosito-diakjaink-cikkei-egy-szlovakiai-kozossegi-lapban\/","title":{"rendered":"&#8220;Legy\u00e9l te is tud\u00f3s\u00edt\u00f3!&#8221; &#8211; di\u00e1kjaink cikkei egy szlov\u00e1kiai k\u00f6z\u00f6ss\u00e9gi lapban (ism\u00e9t friss\u00edtve!)"},"content":{"rendered":"\n<p>A <em>Lauder Javne Iskola<\/em> <a rel=\"noreferrer noopener\" href=\"https:\/\/comedu.lauder.hu\/\" target=\"_blank\"><strong>ComEdu k\u00f6z\u00f6ss\u00e9gi oktat\u00e1si programj\u00e1nak <\/strong><\/a>keret\u00e9ben hat, lelkes tizenegyedikes \u00e9s tizenkettedikes v\u00e1llalta, hogy cikkeket \u00edr a <strong>Hitk\u00f6zs\u00e9gi H\u00edrad\u00f3<\/strong>ba. <\/p>\n\n\n\n<p><em>A Kom\u00e1romi Zsid\u00f3 Hitk\u00f6zs\u00e9g <a rel=\"noreferrer noopener\" href=\"https:\/\/kehreg.com\/hitkozsegi-hirado-spravodaj\/\" target=\"_blank\">\u00fajs\u00e1gj\u00e1t<\/a> 1996 nyar\u00e1n ind\u00edtotta k\u00e9t k\u00f6z\u00e9piskol\u00e1s. Az elm\u00falt 25 \u00e9v sor\u00e1n a h\u00e1romoldalas, odahaza szerkesztett \u00e9s nyomtatott, k\u00e9zzel t\u0171z\u00f6tt kiadv\u00e1nyb\u00f3l egy 12 oldalas sz\u00ednes, nyomd\u00e1ban k\u00e9sz\u00fcl\u0151 magyar-szlov\u00e1k k\u00e9tnyelv\u0171 havilap lett. A 305 h\u00f3napja megjelen\u0151 Hitk\u00f6zs\u00e9gi H\u00edrad\u00f3 napjainkban kb. 300 c\u00edmre nyomtatva \u00e9s tov\u00e1bbi 400-ra elektronikusan jut el. A k\u00f6z\u00f6lt \u00edr\u00e1sok hidat k\u00e9peznek a helyben \u00e9l\u0151k \u00e9s a t\u00e1volba szakadtak, hittestv\u00e9reink \u00e9s a zsid\u00f3s\u00e1g ir\u00e1nt \u00e9rdekl\u0151d\u0151k k\u00f6z\u00f6tt.<\/em><\/p>\n\n\n\n<p>A kurzus eddigi foglalkoz\u00e1sain a di\u00e1kok megismerkedtek a hitk\u00f6zs\u00e9g m\u00faltj\u00e1val, a k\u00f6z\u00f6ss\u00e9gi \u00fajs\u00e1g\u00edr\u00e1s \u00e9s lapszerkeszt\u00e9s alapjaival, tal\u00e1lkoztak a K\u00f3ser konyha rovatot Izraelb\u0151l vezet\u0151 <em><strong>Orna Mondscheinnel<\/strong> <\/em>\u00e9s f\u00e9rj\u00e9vel, <em><strong>Yossival<\/strong><\/em>, akikt\u0151l a magyar, kom\u00e1romi gy\u00f6kerekr\u0151l, a gener\u00e1ci\u00f3kon \u00e1t meg\u0151rz\u00f6tt receptekr\u0151l hallottak. <\/p>\n\n\n\n<figure class=\"wp-block-image size-large\"><img loading=\"lazy\" width=\"1024\" height=\"704\" src=\"https:\/\/4t.lauder.hu\/wp-content\/uploads\/2021\/11\/Koser-konyha-1024x704.jpg\" alt=\"\" class=\"wp-image-313\" srcset=\"https:\/\/summacum.lauder.hu\/wp-content\/uploads\/2021\/11\/Koser-konyha-1024x704.jpg 1024w, https:\/\/summacum.lauder.hu\/wp-content\/uploads\/2021\/11\/Koser-konyha-300x206.jpg 300w, https:\/\/summacum.lauder.hu\/wp-content\/uploads\/2021\/11\/Koser-konyha-768x528.jpg 768w, https:\/\/summacum.lauder.hu\/wp-content\/uploads\/2021\/11\/Koser-konyha-1536x1056.jpg 1536w, https:\/\/summacum.lauder.hu\/wp-content\/uploads\/2021\/11\/Koser-konyha-1568x1078.jpg 1568w, https:\/\/summacum.lauder.hu\/wp-content\/uploads\/2021\/11\/Koser-konyha.jpg 1636w\" sizes=\"(max-width: 1024px) 100vw, 1024px\" \/><figcaption><em>L\u00f6winger Manci receptjeinek nyom\u00e1ban<\/em><\/figcaption><\/figure>\n\n\n\n<p>A t\u00f6rdel\u0151szerkeszt\u0151 munk\u00e1j\u00e1r\u00f3l <strong><em>Sal\u00e1th Rich\u00e1rd<\/em><\/strong>, a lap munkat\u00e1rsa mes\u00e9lt. V\u00e9gigk\u00f6vett\u00fck a cikkek \u00fatj\u00e1t a szerz\u0151kt\u0151l a nyomd\u00e1ig. Elm\u00e9lyedt\u00fcnk a t\u00f6rdel\u00e9si fog\u00e1sokban, megismert\u00fck a szakember szem\u00e9lyes motiv\u00e1ci\u00f3j\u00e1t is. <\/p>\n\n\n\n<figure class=\"wp-block-image size-large\"><img loading=\"lazy\" width=\"931\" height=\"676\" src=\"https:\/\/4t.lauder.hu\/wp-content\/uploads\/2021\/11\/comedu-sr.png\" alt=\"\" class=\"wp-image-314\" srcset=\"https:\/\/summacum.lauder.hu\/wp-content\/uploads\/2021\/11\/comedu-sr.png 931w, https:\/\/summacum.lauder.hu\/wp-content\/uploads\/2021\/11\/comedu-sr-300x218.png 300w, https:\/\/summacum.lauder.hu\/wp-content\/uploads\/2021\/11\/comedu-sr-768x558.png 768w\" sizes=\"(max-width: 931px) 100vw, 931px\" \/><figcaption><em>\u00cdgy k\u00e9sz\u00fcl az \u00fajs\u00e1g<\/em> &#8211;<em> a t\u00f6rdel\u0151szerkeszt\u0151vel besz\u00e9lgett\u00fcnk<\/em><\/figcaption><\/figure>\n\n\n\n<p>A korrektorok feladatair\u00f3l <em><strong>P<\/strong><\/em><strong><em>asztern\u00e1kn\u00e9 Kert\u00e9sz Zsuzsann\u00e1t<\/em><\/strong>, a magyar r\u00e9sz nyelvi ellen\u0151r\u00e9t k\u00e9rdezt\u00fck. Sz\u00f3 esett a leggyakoribb hib\u00e1kr\u00f3l, a mai kor ember\u00e9nek nyelvhaszn\u00e1lat\u00e1r\u00f3l is. <\/p>\n\n\n\n<figure class=\"wp-block-image size-large\"><img loading=\"lazy\" width=\"1024\" height=\"732\" src=\"https:\/\/4t.lauder.hu\/wp-content\/uploads\/2021\/12\/comedu-3-1-1024x732.png\" alt=\"\" class=\"wp-image-374\" srcset=\"https:\/\/summacum.lauder.hu\/wp-content\/uploads\/2021\/12\/comedu-3-1-1024x732.png 1024w, https:\/\/summacum.lauder.hu\/wp-content\/uploads\/2021\/12\/comedu-3-1-300x214.png 300w, https:\/\/summacum.lauder.hu\/wp-content\/uploads\/2021\/12\/comedu-3-1-768x549.png 768w, https:\/\/summacum.lauder.hu\/wp-content\/uploads\/2021\/12\/comedu-3-1-1536x1098.png 1536w, https:\/\/summacum.lauder.hu\/wp-content\/uploads\/2021\/12\/comedu-3-1-1568x1121.png 1568w, https:\/\/summacum.lauder.hu\/wp-content\/uploads\/2021\/12\/comedu-3-1.png 1574w\" sizes=\"(max-width: 1024px) 100vw, 1024px\" \/><figcaption><em>Hibavad\u00e1szat nyomtat\u00e1s el\u0151tt<\/em><\/figcaption><\/figure>\n\n\n\n<p>A lauderesek \u00faj rovata el\u0151sz\u00f6r az <a rel=\"noreferrer noopener\" href=\"https:\/\/kehreg.files.wordpress.com\/2021\/11\/hitkozsegi-hirado-spravodajca-305.pdf\" target=\"_blank\">okt\u00f3beri sz\u00e1mban<\/a> jelent meg: <strong><em>Szokody Oliv\u00e9r<\/em><\/strong> egy vitorl\u00e1sversenyr\u0151l tud\u00f3s\u00edtott, <strong><em>Nemes Anna <\/em><\/strong>spanyolorsz\u00e1gi \u00e9lm\u00e9nyeit osztotta meg az olvas\u00f3kkal. <a rel=\"noreferrer noopener\" href=\"https:\/\/kehreg.files.wordpress.com\/2021\/12\/hh306.pdf\" target=\"_blank\">Novemberben<\/a> <em><strong>Rajnai Rozi <\/strong><\/em>a Kom\u00e1romban zajlott S\u00e1h\u00e1r k\u00e9pz\u00e9sr\u0151l sz\u00e1molt be, <strong><em>Fischer Bal\u00e1zs<\/em><\/strong> a Lauder iskola kertj\u00e9nek t\u00f6rt\u00e9nelmi vonatkoz\u00e1sait hozta k\u00f6zelebb a szlov\u00e1kiai \u00fajs\u00e1got b\u00f6ng\u00e9sz\u0151kh\u00f6z. Az <a href=\"https:\/\/kehreg.files.wordpress.com\/2022\/01\/hitkozsegi-hirado-spravodajca-307.pdf\">\u00e9v utols\u00f3 sz\u00e1m\u00e1ban<\/a> <strong><em>Steiner Brigi<\/em><\/strong> \u00edr majd a zsid\u00f3s\u00e1ghoz f\u0171z\u0151d\u0151 viszony\u00e1r\u00f3l. <\/p>\n\n\n\n<figure class=\"wp-block-image size-large\"><a href=\"https:\/\/kehreg.files.wordpress.com\/2021\/11\/hitkozsegi-hirado-spravodajca-305.pdf\"><img loading=\"lazy\" width=\"993\" height=\"1024\" src=\"https:\/\/4t.lauder.hu\/wp-content\/uploads\/2021\/11\/4t-hh-993x1024.png\" alt=\"\" class=\"wp-image-316\" srcset=\"https:\/\/summacum.lauder.hu\/wp-content\/uploads\/2021\/11\/4t-hh-993x1024.png 993w, https:\/\/summacum.lauder.hu\/wp-content\/uploads\/2021\/11\/4t-hh-291x300.png 291w, https:\/\/summacum.lauder.hu\/wp-content\/uploads\/2021\/11\/4t-hh-768x792.png 768w, https:\/\/summacum.lauder.hu\/wp-content\/uploads\/2021\/11\/4t-hh.png 1013w\" sizes=\"(max-width: 993px) 100vw, 993px\" \/><\/a><figcaption><em>Az \u00faj rovat &#8211; a k\u00e9pre kattintva &#8211; a <a href=\"https:\/\/kehreg.files.wordpress.com\/2021\/11\/hitkozsegi-hirado-spravodajca-305.pdf\" target=\"_blank\" rel=\"noreferrer noopener\">pdf hatodik oldal\u00e1n<\/a> tal\u00e1lhat\u00f3 <\/em><\/figcaption><\/figure>\n\n\n\n<p><\/p>\n","protected":false},"excerpt":{"rendered":"<p>A Lauder Javne Iskola ComEdu k\u00f6z\u00f6ss\u00e9gi oktat\u00e1si programj\u00e1nak keret\u00e9ben hat, lelkes tizenegyedikes \u00e9s tizenkettedikes v\u00e1llalta, hogy cikkeket \u00edr a Hitk\u00f6zs\u00e9gi H\u00edrad\u00f3ba. A Kom\u00e1romi Zsid\u00f3 Hitk\u00f6zs\u00e9g \u00fajs\u00e1gj\u00e1t 1996 nyar\u00e1n ind\u00edtotta k\u00e9t k\u00f6z\u00e9piskol\u00e1s. Az elm\u00falt 25 \u00e9v sor\u00e1n a h\u00e1romoldalas, odahaza szerkesztett \u00e9s nyomtatott, k\u00e9zzel t\u0171z\u00f6tt kiadv\u00e1nyb\u00f3l egy 12 oldalas sz\u00ednes, nyomd\u00e1ban k\u00e9sz\u00fcl\u0151 magyar-szlov\u00e1k k\u00e9tnyelv\u0171 havilap lett. A 305 h\u00f3napja megjelen\u0151 Hitk\u00f6zs\u00e9gi H\u00edrad\u00f3 napjainkban kb. 300 c\u00edmre nyomtatva \u00e9s tov\u00e1bbi 400-ra elektronikusan jut el. A k\u00f6z\u00f6lt \u00edr\u00e1sok hidat k\u00e9peznek a helyben \u00e9l\u0151k<\/p>\n","protected":false},"author":3,"featured_media":315,"comment_status":"open","ping_status":"open","sticky":false,"template":"","format":"standard","meta":[],"categories":[1],"tags":[],"_links":{"self":[{"href":"https:\/\/summacum.lauder.hu\/index.php\/wp-json\/wp\/v2\/posts\/312"}],"collection":[{"href":"https:\/\/summacum.lauder.hu\/index.php\/wp-json\/wp\/v2\/posts"}],"about":[{"href":"https:\/\/summacum.lauder.hu\/index.php\/wp-json\/wp\/v2\/types\/post"}],"author":[{"embeddable":true,"href":"https:\/\/summacum.lauder.hu\/index.php\/wp-json\/wp\/v2\/users\/3"}],"replies":[{"embeddable":true,"href":"https:\/\/summacum.lauder.hu\/index.php\/wp-json\/wp\/v2\/comments?post=312"}],"version-history":[{"count":4,"href":"https:\/\/summacum.lauder.hu\/index.php\/wp-json\/wp\/v2\/posts\/312\/revisions"}],"predecessor-version":[{"id":503,"href":"https:\/\/summacum.lauder.hu\/index.php\/wp-json\/wp\/v2\/posts\/312\/revisions\/503"}],"wp:featuredmedia":[{"embeddable":true,"href":"https:\/\/summacum.lauder.hu\/index.php\/wp-json\/wp\/v2\/media\/315"}],"wp:attachment":[{"href":"https:\/\/summacum.lauder.hu\/index.php\/wp-json\/wp\/v2\/media?parent=312"}],"wp:term":[{"taxonomy":"category","embeddable":true,"href":"https:\/\/summacum.lauder.hu\/index.php\/wp-json\/wp\/v2\/categories?post=312"},{"taxonomy":"post_tag","embeddable":true,"href":"https:\/\/summacum.lauder.hu\/index.php\/wp-json\/wp\/v2\/tags?post=312"}],"curies":[{"name":"wp","href":"https:\/\/api.w.org\/{rel}","templated":true}]}}