{"id":3428,"date":"2024-12-06T10:06:47","date_gmt":"2024-12-06T10:06:47","guid":{"rendered":"https:\/\/summacum.lauder.hu\/?p=3428"},"modified":"2024-12-06T11:03:52","modified_gmt":"2024-12-06T11:03:52","slug":"multivator-45-robotok-mi-vr-a-jovorol-gondolkodtunk-a-budajenoi-hetedikesekkel","status":"publish","type":"post","link":"https:\/\/summacum.lauder.hu\/index.php\/2024\/12\/06\/multivator-45-robotok-mi-vr-a-jovorol-gondolkodtunk-a-budajenoi-hetedikesekkel\/","title":{"rendered":"Multiv\u00e1tor #45: Robotok, MI, VR &#8211; a j\u00f6v\u0151r\u0151l gondolkodtunk a budajen\u0151i hetedikesekkel"},"content":{"rendered":"\n<p>December 5-\u00e9n a<em> Budajen\u0151i \u00c1ltal\u00e1nos Iskola<\/em> hetedikesei \u00e9rkeztek a <em>Lauder MIT Di\u00e1klaborba<\/em> <em><strong>Gul\u00e1csin\u00e9 Kozma Sarolta<\/strong><\/em> \u00e9s <em><strong>Krist\u00e1ly Szilvia<\/strong><\/em> tan\u00e1rn\u0151k vezet\u00e9s\u00e9vel. <\/p>\n\n\n\n<figure class=\"wp-block-image size-large\"><img loading=\"lazy\" width=\"1024\" height=\"603\" src=\"https:\/\/summacum.lauder.hu\/wp-content\/uploads\/2024\/12\/multi45-02-1024x603.jpg\" alt=\"\" class=\"wp-image-3430\" srcset=\"https:\/\/summacum.lauder.hu\/wp-content\/uploads\/2024\/12\/multi45-02-1024x603.jpg 1024w, https:\/\/summacum.lauder.hu\/wp-content\/uploads\/2024\/12\/multi45-02-300x177.jpg 300w, https:\/\/summacum.lauder.hu\/wp-content\/uploads\/2024\/12\/multi45-02-768x453.jpg 768w, https:\/\/summacum.lauder.hu\/wp-content\/uploads\/2024\/12\/multi45-02-1170x689.jpg 1170w, https:\/\/summacum.lauder.hu\/wp-content\/uploads\/2024\/12\/multi45-02.jpg 1495w\" sizes=\"(max-width: 1024px) 100vw, 1024px\" \/><\/figure>\n\n\n\n<p>A <strong>&#8220;Legyetek Ti is MULTIV\u00c1TOROK!&#8221;<\/strong> tudom\u00e1nyos \u00e9lm\u00e9nynap els\u0151 k\u00e9t s\u00e1vj\u00e1ban <strong><em>Juh\u00e1sz M\u00f3nika<\/em><\/strong> tan\u00e1rn\u0151 m\u0171helyfoglalkoz\u00e1s\u00e1n a robotokkal ismerkedtek a di\u00e1kok. Az \u00e1tfog\u00f3 bevezet\u0151t k\u00f6vet\u0151en a programozhat\u00f3, t\u00e1vir\u00e1ny\u00edthat\u00f3 \u00e9s rajzol\u00f3 robotkarokat pr\u00f3b\u00e1lt\u00e1k ki vend\u00e9geink. <strong><em>Palotai Andr\u00e1s<\/em><\/strong> informatikai szakember a mesters\u00e9ges intelligencia t\u00e9rh\u00f3d\u00edt\u00e1s\u00e1r\u00f3l, mindennapi \u00e9let\u00fcnkre gyakorolt hat\u00e1s\u00e1r\u00f3l tartott gondolat\u00e9breszt\u0151 workshopot. Voltak, akik a teremben tal\u00e1lhat\u00f3 3D-\u00e9s <em>z-Space<\/em> termin\u00e1lokat is tesztelt\u00e9k.<\/p>\n\n\n\n<figure class=\"wp-block-image size-large\"><img loading=\"lazy\" width=\"1024\" height=\"573\" src=\"https:\/\/summacum.lauder.hu\/wp-content\/uploads\/2024\/12\/multi44-04-1024x573.jpg\" alt=\"\" class=\"wp-image-3431\" srcset=\"https:\/\/summacum.lauder.hu\/wp-content\/uploads\/2024\/12\/multi44-04-1024x573.jpg 1024w, https:\/\/summacum.lauder.hu\/wp-content\/uploads\/2024\/12\/multi44-04-300x168.jpg 300w, https:\/\/summacum.lauder.hu\/wp-content\/uploads\/2024\/12\/multi44-04-768x430.jpg 768w, https:\/\/summacum.lauder.hu\/wp-content\/uploads\/2024\/12\/multi44-04-1170x655.jpg 1170w, https:\/\/summacum.lauder.hu\/wp-content\/uploads\/2024\/12\/multi44-04.jpg 1500w\" sizes=\"(max-width: 1024px) 100vw, 1024px\" \/><\/figure>\n\n\n\n<p>A <em>Tudom\u00e1nyos k\u00f6rgorg\u00e1s<\/em> keret\u00e9ben k\u00f6z\u00f6ss\u00e9gi goly\u00f3p\u00e1lya-\u00e9p\u00edt\u00e9sre ker\u00fclt sor szakmai vezet\u0151nk,<strong><em> Pasztern\u00e1k Andr\u00e1s<\/em><\/strong> koordin\u00e1l\u00e1s\u00e1val, majd <strong><em>Biljarszki D\u00e1niellel<\/em><\/strong> virtu\u00e1lis utaz\u00e1sra indultak az \u00e1ltal\u00e1nos iskol\u00e1sok a <em>Nemzetk\u00f6zi \u0171r\u00e1llom\u00e1sra<\/em>. A VR-szem\u00fcveges kalandoknak ez\u00fattal is nagy sikere volt.  <\/p>\n\n\n\n<figure class=\"wp-block-image size-large\"><img loading=\"lazy\" width=\"1024\" height=\"640\" src=\"https:\/\/summacum.lauder.hu\/wp-content\/uploads\/2024\/12\/multi44-05-1024x640.jpg\" alt=\"\" class=\"wp-image-3432\" srcset=\"https:\/\/summacum.lauder.hu\/wp-content\/uploads\/2024\/12\/multi44-05-1024x640.jpg 1024w, https:\/\/summacum.lauder.hu\/wp-content\/uploads\/2024\/12\/multi44-05-300x188.jpg 300w, https:\/\/summacum.lauder.hu\/wp-content\/uploads\/2024\/12\/multi44-05-768x480.jpg 768w, https:\/\/summacum.lauder.hu\/wp-content\/uploads\/2024\/12\/multi44-05-1170x731.jpg 1170w, https:\/\/summacum.lauder.hu\/wp-content\/uploads\/2024\/12\/multi44-05-350x220.jpg 350w, https:\/\/summacum.lauder.hu\/wp-content\/uploads\/2024\/12\/multi44-05.jpg 1515w\" sizes=\"(max-width: 1024px) 100vw, 1024px\" \/><\/figure>\n\n\n\n<p>Z\u00e1r\u00e1sk\u00e9nt \u00e1tadtuk a Multiv\u00e1tor-okleveleket \u00e9s mindenki v\u00e1laszthatott egy m\u00f3k\u00e1s, tudom\u00e1nyos matric\u00e1t.<\/p>\n\n\n\n<figure class=\"wp-block-embed is-type-video is-provider-youtube wp-block-embed-youtube wp-embed-aspect-16-9 wp-has-aspect-ratio\"><div class=\"wp-block-embed__wrapper\">\n<iframe title=\"K\u00f6z\u00f6ss\u00e9gi goly\u00f3p\u00e1lya-\u00e9p\u00edt\u00e9s - Budajen\u0151i \u00c1ltal\u00e1nos Iskola\" width=\"640\" height=\"360\" src=\"https:\/\/www.youtube.com\/embed\/yNhzLZoi4yE?feature=oembed\" frameborder=\"0\" allow=\"accelerometer; autoplay; clipboard-write; encrypted-media; gyroscope; picture-in-picture; web-share\" referrerpolicy=\"strict-origin-when-cross-origin\" allowfullscreen><\/iframe>\n<\/div><\/figure>\n\n\n\n<p class=\"has-text-align-right\"><em>K\u00f6sz\u00f6nj\u00fck a k\u00f6z\u00f6s tanul\u00e1st!<\/em><\/p>\n\n\n\n<hr class=\"wp-block-separator\"\/>\n\n\n\n<p><em>A p\u00e1ly\u00e1zat k\u00f3dja: XIA-DI\u00c1KLABOR-23-01<\/em><\/p>\n\n\n\n<p><em>Kedvezm\u00e9nyezett: Vil\u00e1gi Zsid\u00f3 Iskola Alap\u00edtv\u00e1ny<\/em><\/p>\n\n\n\n<p><em>Megval\u00f3s\u00edt\u00e1si helysz\u00edn: Lauder Javne Zsid\u00f3 K\u00f6z\u00f6ss\u00e9gi \u00d3voda, \u00c1ltal\u00e1nos Iskola, Gimn\u00e1zium \u00e9s Zenei Alapfok\u00fa M\u0171v\u00e9szeti Iskola<\/em><\/p>\n\n\n\n<p><em>T\u00e1mogat\u00f3: Nemzeti Kutat\u00e1si, Fejleszt\u00e9si \u00e9s Innov\u00e1ci\u00f3s Hivatal, az NKFI Alapb\u00f3l megval\u00f3sul\u00f3 projekt, Nemzeti Innov\u00e1ci\u00f3s \u00dcgyn\u00f6ks\u00e9g Nonprofit Zrt.<\/em><\/p>\n","protected":false},"excerpt":{"rendered":"<p>December 5-\u00e9n a Budajen\u0151i \u00c1ltal\u00e1nos Iskola hetedikesei \u00e9rkeztek a Lauder MIT Di\u00e1klaborba Gul\u00e1csin\u00e9 Kozma Sarolta \u00e9s Krist\u00e1ly Szilvia tan\u00e1rn\u0151k vezet\u00e9s\u00e9vel. A &#8220;Legyetek Ti is MULTIV\u00c1TOROK!&#8221; tudom\u00e1nyos \u00e9lm\u00e9nynap els\u0151 k\u00e9t s\u00e1vj\u00e1ban Juh\u00e1sz M\u00f3nika tan\u00e1rn\u0151 m\u0171helyfoglalkoz\u00e1s\u00e1n a robotokkal ismerkedtek a di\u00e1kok. Az \u00e1tfog\u00f3 bevezet\u0151t k\u00f6vet\u0151en a programozhat\u00f3, t\u00e1vir\u00e1ny\u00edthat\u00f3 \u00e9s rajzol\u00f3 robotkarokat pr\u00f3b\u00e1lt\u00e1k ki vend\u00e9geink. Palotai Andr\u00e1s informatikai szakember a mesters\u00e9ges intelligencia t\u00e9rh\u00f3d\u00edt\u00e1s\u00e1r\u00f3l, mindennapi \u00e9let\u00fcnkre gyakorolt hat\u00e1s\u00e1r\u00f3l tartott gondolat\u00e9breszt\u0151 workshopot. Voltak, akik a teremben tal\u00e1lhat\u00f3 3D-\u00e9s z-Space termin\u00e1lokat is tesztelt\u00e9k. A Tudom\u00e1nyos k\u00f6rgorg\u00e1s<\/p>\n","protected":false},"author":3,"featured_media":3429,"comment_status":"closed","ping_status":"open","sticky":false,"template":"","format":"standard","meta":[],"categories":[245,321,322,324,341],"tags":[199,363,121,342,407,24,487,223],"_links":{"self":[{"href":"https:\/\/summacum.lauder.hu\/index.php\/wp-json\/wp\/v2\/posts\/3428"}],"collection":[{"href":"https:\/\/summacum.lauder.hu\/index.php\/wp-json\/wp\/v2\/posts"}],"about":[{"href":"https:\/\/summacum.lauder.hu\/index.php\/wp-json\/wp\/v2\/types\/post"}],"author":[{"embeddable":true,"href":"https:\/\/summacum.lauder.hu\/index.php\/wp-json\/wp\/v2\/users\/3"}],"replies":[{"embeddable":true,"href":"https:\/\/summacum.lauder.hu\/index.php\/wp-json\/wp\/v2\/comments?post=3428"}],"version-history":[{"count":5,"href":"https:\/\/summacum.lauder.hu\/index.php\/wp-json\/wp\/v2\/posts\/3428\/revisions"}],"predecessor-version":[{"id":3440,"href":"https:\/\/summacum.lauder.hu\/index.php\/wp-json\/wp\/v2\/posts\/3428\/revisions\/3440"}],"wp:featuredmedia":[{"embeddable":true,"href":"https:\/\/summacum.lauder.hu\/index.php\/wp-json\/wp\/v2\/media\/3429"}],"wp:attachment":[{"href":"https:\/\/summacum.lauder.hu\/index.php\/wp-json\/wp\/v2\/media?parent=3428"}],"wp:term":[{"taxonomy":"category","embeddable":true,"href":"https:\/\/summacum.lauder.hu\/index.php\/wp-json\/wp\/v2\/categories?post=3428"},{"taxonomy":"post_tag","embeddable":true,"href":"https:\/\/summacum.lauder.hu\/index.php\/wp-json\/wp\/v2\/tags?post=3428"}],"curies":[{"name":"wp","href":"https:\/\/api.w.org\/{rel}","templated":true}]}}