{"id":3593,"date":"2025-01-16T17:53:28","date_gmt":"2025-01-16T17:53:28","guid":{"rendered":"https:\/\/summacum.lauder.hu\/?p=3593"},"modified":"2025-01-16T17:53:29","modified_gmt":"2025-01-16T17:53:29","slug":"innolab-kreativ-epitessel-zartuk-a-felevet","status":"publish","type":"post","link":"https:\/\/summacum.lauder.hu\/index.php\/2025\/01\/16\/innolab-kreativ-epitessel-zartuk-a-felevet\/","title":{"rendered":"INNOlab: Kreat\u00edv \u00e9p\u00edt\u00e9ssel z\u00e1rtuk a f\u00e9l\u00e9vet"},"content":{"rendered":"\n<p>Janu\u00e1r 16-\u00e1n z\u00e1rtuk az els\u0151 f\u00e9l\u00e9vet az <em><a href=\"https:\/\/summacum.lauder.hu\/index.php\/category\/innolab-diak-innovator-klub\/\" data-type=\"URL\" data-id=\"https:\/\/summacum.lauder.hu\/index.php\/category\/innolab-diak-innovator-klub\/\" target=\"_blank\" rel=\"noreferrer noopener\">INNOlab &#8211; Di\u00e1k Innov\u00e1torok Klubja<\/a> <\/em>szakk\u00f6r\u00f6n. Folytattuk a helikopter projekt\u00fcnket, illetve egy hidrog\u00e9n hajt\u00e1s\u00fa kisaut\u00f3 \u00f6sszeszerel\u00e9s\u00e9re is sor ker\u00fclt. <\/p>\n\n\n\n<p>A nagy piros l\u00e9gij\u00e1rm\u0171 els\u0151 r\u00e9sze m\u00e1r elk\u00e9sz\u00fclt, de maradt m\u00e9g tennival\u00f3 a m\u00e1sodik f\u00e9l\u00e9vre is. <\/p>\n\n\n\n<hr class=\"wp-block-separator\"\/>\n\n\n\n<p><em>A p\u00e1ly\u00e1zat k\u00f3dja: XIA-DI\u00c1KLABOR-23-01<\/em><\/p>\n\n\n\n<p><em>Kedvezm\u00e9nyezett: Vil\u00e1gi Zsid\u00f3 Iskola Alap\u00edtv\u00e1ny<\/em><\/p>\n\n\n\n<p><em>Megval\u00f3s\u00edt\u00e1si helysz\u00edn: Lauder Javne Zsid\u00f3 K\u00f6z\u00f6ss\u00e9gi \u00d3voda, \u00c1ltal\u00e1nos Iskola, Gimn\u00e1zium \u00e9s Zenei Alapfok\u00fa M\u0171v\u00e9szeti Iskola<\/em><\/p>\n\n\n\n<p><em>T\u00e1mogat\u00f3: Nemzeti Kutat\u00e1si, Fejleszt\u00e9si \u00e9s Innov\u00e1ci\u00f3s Hivatal, az NKFI Alapb\u00f3l megval\u00f3sul\u00f3 projekt, Nemzeti Innov\u00e1ci\u00f3s \u00dcgyn\u00f6ks\u00e9g Nonprofit Zrt.<\/em><\/p>\n","protected":false},"excerpt":{"rendered":"<p>Janu\u00e1r 16-\u00e1n z\u00e1rtuk az els\u0151 f\u00e9l\u00e9vet az INNOlab &#8211; Di\u00e1k Innov\u00e1torok Klubja szakk\u00f6r\u00f6n. Folytattuk a helikopter projekt\u00fcnket, illetve egy hidrog\u00e9n hajt\u00e1s\u00fa kisaut\u00f3 \u00f6sszeszerel\u00e9s\u00e9re is sor ker\u00fclt. A nagy piros l\u00e9gij\u00e1rm\u0171 els\u0151 r\u00e9sze m\u00e1r elk\u00e9sz\u00fclt, de maradt m\u00e9g tennival\u00f3 a m\u00e1sodik f\u00e9l\u00e9vre is. A p\u00e1ly\u00e1zat k\u00f3dja: XIA-DI\u00c1KLABOR-23-01 Kedvezm\u00e9nyezett: Vil\u00e1gi Zsid\u00f3 Iskola Alap\u00edtv\u00e1ny Megval\u00f3s\u00edt\u00e1si helysz\u00edn: Lauder Javne Zsid\u00f3 K\u00f6z\u00f6ss\u00e9gi \u00d3voda, \u00c1ltal\u00e1nos Iskola, Gimn\u00e1zium \u00e9s Zenei Alapfok\u00fa M\u0171v\u00e9szeti Iskola T\u00e1mogat\u00f3: Nemzeti Kutat\u00e1si, Fejleszt\u00e9si \u00e9s Innov\u00e1ci\u00f3s Hivatal, az NKFI Alapb\u00f3l megval\u00f3sul\u00f3 projekt, Nemzeti Innov\u00e1ci\u00f3s<\/p>\n","protected":false},"author":3,"featured_media":3594,"comment_status":"closed","ping_status":"open","sticky":false,"template":"","format":"standard","meta":[],"categories":[245,130,321,322,324],"tags":[199,125,91],"_links":{"self":[{"href":"https:\/\/summacum.lauder.hu\/index.php\/wp-json\/wp\/v2\/posts\/3593"}],"collection":[{"href":"https:\/\/summacum.lauder.hu\/index.php\/wp-json\/wp\/v2\/posts"}],"about":[{"href":"https:\/\/summacum.lauder.hu\/index.php\/wp-json\/wp\/v2\/types\/post"}],"author":[{"embeddable":true,"href":"https:\/\/summacum.lauder.hu\/index.php\/wp-json\/wp\/v2\/users\/3"}],"replies":[{"embeddable":true,"href":"https:\/\/summacum.lauder.hu\/index.php\/wp-json\/wp\/v2\/comments?post=3593"}],"version-history":[{"count":2,"href":"https:\/\/summacum.lauder.hu\/index.php\/wp-json\/wp\/v2\/posts\/3593\/revisions"}],"predecessor-version":[{"id":3596,"href":"https:\/\/summacum.lauder.hu\/index.php\/wp-json\/wp\/v2\/posts\/3593\/revisions\/3596"}],"wp:featuredmedia":[{"embeddable":true,"href":"https:\/\/summacum.lauder.hu\/index.php\/wp-json\/wp\/v2\/media\/3594"}],"wp:attachment":[{"href":"https:\/\/summacum.lauder.hu\/index.php\/wp-json\/wp\/v2\/media?parent=3593"}],"wp:term":[{"taxonomy":"category","embeddable":true,"href":"https:\/\/summacum.lauder.hu\/index.php\/wp-json\/wp\/v2\/categories?post=3593"},{"taxonomy":"post_tag","embeddable":true,"href":"https:\/\/summacum.lauder.hu\/index.php\/wp-json\/wp\/v2\/tags?post=3593"}],"curies":[{"name":"wp","href":"https:\/\/api.w.org\/{rel}","templated":true}]}}