{"id":3800,"date":"2025-03-19T19:20:10","date_gmt":"2025-03-19T19:20:10","guid":{"rendered":"https:\/\/summacum.lauder.hu\/?p=3800"},"modified":"2025-03-19T19:20:11","modified_gmt":"2025-03-19T19:20:11","slug":"multivator-65-ur-es-energiakalandok-a-kosztolanyi-dezso-gimnazium-nyolcadikosainak-tudomanyos-elmenynapjan","status":"publish","type":"post","link":"https:\/\/summacum.lauder.hu\/index.php\/2025\/03\/19\/multivator-65-ur-es-energiakalandok-a-kosztolanyi-dezso-gimnazium-nyolcadikosainak-tudomanyos-elmenynapjan\/","title":{"rendered":"Multiv\u00e1tor #65: \u0170r- \u00e9s energiakalandok a Kosztol\u00e1nyi Dezs\u0151 Gimn\u00e1zium nyolcadikosainak tudom\u00e1nyos \u00e9lm\u00e9nynapj\u00e1n"},"content":{"rendered":"\n<p>M\u00e1rcius 18-\u00e1n a <em>Kosztol\u00e1nyi Dezs\u0151 Gimn\u00e1zium <\/em>nyolcadikosai \u00e9rkeztek <em>Di\u00e1klaborunkba<\/em> <strong><em>Imre Orsolya<\/em><\/strong> \u00e9s <strong><em>T\u00f3tp\u00e1ln\u00e9 Drubics Kl\u00e1ra<\/em><\/strong> tan\u00e1rn\u0151k k\u00eds\u00e9ret\u00e9ben. <\/p>\n\n\n\n<p>Az ismeretterjeszt\u0151 program els\u0151 k\u00e9t s\u00e1vj\u00e1ban <em><strong>Moln\u00e1r L\u00e1szl\u00f3<\/strong><\/em> fizikatan\u00e1r m\u0171helyfoglalkoz\u00e1s\u00e1n a g\u0151zg\u00e9pek t\u00f6rt\u00e9net\u00e9vel ismerkedtek meg a fiatalok. L\u00e1tv\u00e1nyos k\u00eds\u00e9rletek \u00e9s m\u0171k\u00f6d\u0151 modellek seg\u00edts\u00e9g\u00e9vel k\u00f6vett\u00fck v\u00e9gig a fejleszt\u00e9seket az \u00f3kort\u00f3l az ipari forradalomig. <\/p>\n\n\n\n<figure class=\"wp-block-image size-large\"><img loading=\"lazy\" width=\"1024\" height=\"663\" src=\"https:\/\/summacum.lauder.hu\/wp-content\/uploads\/2025\/03\/multi65-02-1024x663.jpg\" alt=\"\" class=\"wp-image-3803\" srcset=\"https:\/\/summacum.lauder.hu\/wp-content\/uploads\/2025\/03\/multi65-02-1024x663.jpg 1024w, https:\/\/summacum.lauder.hu\/wp-content\/uploads\/2025\/03\/multi65-02-300x194.jpg 300w, https:\/\/summacum.lauder.hu\/wp-content\/uploads\/2025\/03\/multi65-02-768x497.jpg 768w, https:\/\/summacum.lauder.hu\/wp-content\/uploads\/2025\/03\/multi65-02-1170x757.jpg 1170w, https:\/\/summacum.lauder.hu\/wp-content\/uploads\/2025\/03\/multi65-02.jpg 1497w\" sizes=\"(max-width: 1024px) 100vw, 1024px\" \/><\/figure>\n\n\n\n<p><em><strong>Biljarszki D\u00e1niellel<\/strong><\/em> virtu\u00e1lis utaz\u00e1sra indult a csapat. VR-szem\u00fcvegekben a <em>Nemzetk\u00f6zi \u0170r\u00e1llom\u00e1son <\/em>hajtottak v\u00e9gre k\u00fcldet\u00e9seket vend\u00e9geink. Az \u0171rhaj\u00f3sok mindennapi \u00e9let\u00e9nek megismer\u00e9se ut\u00e1n a t\u00e1vir\u00e1ny\u00edthat\u00f3 \u00e9s rajzol\u00f3 robotkarokat is kipr\u00f3b\u00e1lhatta a csoport. <\/p>\n\n\n\n<figure class=\"wp-block-image size-large\"><img loading=\"lazy\" width=\"1024\" height=\"787\" src=\"https:\/\/summacum.lauder.hu\/wp-content\/uploads\/2025\/03\/multi65-03-1024x787.jpg\" alt=\"\" class=\"wp-image-3802\" srcset=\"https:\/\/summacum.lauder.hu\/wp-content\/uploads\/2025\/03\/multi65-03-1024x787.jpg 1024w, https:\/\/summacum.lauder.hu\/wp-content\/uploads\/2025\/03\/multi65-03-300x231.jpg 300w, https:\/\/summacum.lauder.hu\/wp-content\/uploads\/2025\/03\/multi65-03-768x591.jpg 768w, https:\/\/summacum.lauder.hu\/wp-content\/uploads\/2025\/03\/multi65-03-1170x900.jpg 1170w, https:\/\/summacum.lauder.hu\/wp-content\/uploads\/2025\/03\/multi65-03.jpg 1463w\" sizes=\"(max-width: 1024px) 100vw, 1024px\" \/><\/figure>\n\n\n\n<p>A<em> Tudom\u00e1nyos k\u00f6rforg\u00e1s<\/em> sor\u00e1n <strong><em>Hor\u00e1nyi G\u00e1bor<\/em><\/strong> f\u0151igazgat\u00f3val Nap-megfigyel\u00e9sen vettek r\u00e9szt a di\u00e1kok a <em><a href=\"https:\/\/summacum.lauder.hu\/index.php\/csillagvizsgalo\/\" data-type=\"URL\" data-id=\"https:\/\/summacum.lauder.hu\/index.php\/csillagvizsgalo\/\" target=\"_blank\" rel=\"noreferrer noopener\">Keter kupol\u00e1ban<\/a><\/em>, a napfoltokat \u00e9s a kit\u00f6r\u00e9seket tanulm\u00e1nyozva. A kor\u00e1bban, a fizika\u00f3r\u00e1kon megszerzett ismereteket hasznos\u00edtott\u00e1k a nyolcadikosok a k\u00f6z\u00f6ss\u00e9gi goly\u00f3p\u00e1lya\u00e9p\u00edt\u00e9s keret\u00e9ben, melyet szakmai vezet\u0151nk, <strong><em>Pasztern\u00e1k Andr\u00e1s <\/em><\/strong>koordin\u00e1lt. <\/p>\n\n\n\n<figure class=\"wp-block-image size-large\"><img loading=\"lazy\" width=\"1024\" height=\"488\" src=\"https:\/\/summacum.lauder.hu\/wp-content\/uploads\/2025\/03\/multi65-04-1024x488.jpg\" alt=\"\" class=\"wp-image-3801\" srcset=\"https:\/\/summacum.lauder.hu\/wp-content\/uploads\/2025\/03\/multi65-04-1024x488.jpg 1024w, https:\/\/summacum.lauder.hu\/wp-content\/uploads\/2025\/03\/multi65-04-300x143.jpg 300w, https:\/\/summacum.lauder.hu\/wp-content\/uploads\/2025\/03\/multi65-04-768x366.jpg 768w, https:\/\/summacum.lauder.hu\/wp-content\/uploads\/2025\/03\/multi65-04-1536x732.jpg 1536w, https:\/\/summacum.lauder.hu\/wp-content\/uploads\/2025\/03\/multi65-04-1170x558.jpg 1170w, https:\/\/summacum.lauder.hu\/wp-content\/uploads\/2025\/03\/multi65-04.jpg 1795w\" sizes=\"(max-width: 1024px) 100vw, 1024px\" \/><\/figure>\n\n\n\n<p>Z\u00e1r\u00e1sk\u00e9nt \u00e1tadtuk a MULTIV\u00c1TOR-okleveleket, mindenki v\u00e1laszthatott egy m\u00f3k\u00e1s, tudom\u00e1nyos matric\u00e1t. <\/p>\n\n\n\n<p class=\"has-text-align-right\"><em>K\u00f6sz\u00f6nj\u00fck a k\u00f6z\u00f6s tanul\u00e1st!<\/em><\/p>\n\n\n\n<hr class=\"wp-block-separator\"\/>\n\n\n\n<p><em>A p\u00e1ly\u00e1zat k\u00f3dja: XIA-DI\u00c1KLABOR-23-01<\/em><\/p>\n\n\n\n<p><em>Kedvezm\u00e9nyezett: Vil\u00e1gi Zsid\u00f3 Iskola Alap\u00edtv\u00e1ny<\/em><\/p>\n\n\n\n<p><em>Megval\u00f3s\u00edt\u00e1si helysz\u00edn: Lauder Javne Zsid\u00f3 K\u00f6z\u00f6ss\u00e9gi \u00d3voda, \u00c1ltal\u00e1nos Iskola, Gimn\u00e1zium \u00e9s Zenei Alapfok\u00fa M\u0171v\u00e9szeti Iskola<\/em><\/p>\n\n\n\n<p><em>T\u00e1mogat\u00f3: Nemzeti Kutat\u00e1si, Fejleszt\u00e9si \u00e9s Innov\u00e1ci\u00f3s Hivatal, az NKFI Alapb\u00f3l megval\u00f3sul\u00f3 projekt, Nemzeti Innov\u00e1ci\u00f3s \u00dcgyn\u00f6ks\u00e9g Nonprofit Zrt.<\/em><\/p>\n","protected":false},"excerpt":{"rendered":"<p>M\u00e1rcius 18-\u00e1n a Kosztol\u00e1nyi Dezs\u0151 Gimn\u00e1zium nyolcadikosai \u00e9rkeztek Di\u00e1klaborunkba Imre Orsolya \u00e9s T\u00f3tp\u00e1ln\u00e9 Drubics Kl\u00e1ra tan\u00e1rn\u0151k k\u00eds\u00e9ret\u00e9ben. Az ismeretterjeszt\u0151 program els\u0151 k\u00e9t s\u00e1vj\u00e1ban Moln\u00e1r L\u00e1szl\u00f3 fizikatan\u00e1r m\u0171helyfoglalkoz\u00e1s\u00e1n a g\u0151zg\u00e9pek t\u00f6rt\u00e9net\u00e9vel ismerkedtek meg a fiatalok. L\u00e1tv\u00e1nyos k\u00eds\u00e9rletek \u00e9s m\u0171k\u00f6d\u0151 modellek seg\u00edts\u00e9g\u00e9vel k\u00f6vett\u00fck v\u00e9gig a fejleszt\u00e9seket az \u00f3kort\u00f3l az ipari forradalomig. Biljarszki D\u00e1niellel virtu\u00e1lis utaz\u00e1sra indult a csapat. VR-szem\u00fcvegekben a Nemzetk\u00f6zi \u0170r\u00e1llom\u00e1son hajtottak v\u00e9gre k\u00fcldet\u00e9seket vend\u00e9geink. Az \u0171rhaj\u00f3sok mindennapi \u00e9let\u00e9nek megismer\u00e9se ut\u00e1n a t\u00e1vir\u00e1ny\u00edthat\u00f3 \u00e9s rajzol\u00f3 robotkarokat is kipr\u00f3b\u00e1lhatta a csoport. A<\/p>\n","protected":false},"author":3,"featured_media":3804,"comment_status":"closed","ping_status":"open","sticky":false,"template":"","format":"standard","meta":[],"categories":[245,321,322,324,341],"tags":[92,445,199,19,369,359,368,448,342,24,487],"_links":{"self":[{"href":"https:\/\/summacum.lauder.hu\/index.php\/wp-json\/wp\/v2\/posts\/3800"}],"collection":[{"href":"https:\/\/summacum.lauder.hu\/index.php\/wp-json\/wp\/v2\/posts"}],"about":[{"href":"https:\/\/summacum.lauder.hu\/index.php\/wp-json\/wp\/v2\/types\/post"}],"author":[{"embeddable":true,"href":"https:\/\/summacum.lauder.hu\/index.php\/wp-json\/wp\/v2\/users\/3"}],"replies":[{"embeddable":true,"href":"https:\/\/summacum.lauder.hu\/index.php\/wp-json\/wp\/v2\/comments?post=3800"}],"version-history":[{"count":2,"href":"https:\/\/summacum.lauder.hu\/index.php\/wp-json\/wp\/v2\/posts\/3800\/revisions"}],"predecessor-version":[{"id":3806,"href":"https:\/\/summacum.lauder.hu\/index.php\/wp-json\/wp\/v2\/posts\/3800\/revisions\/3806"}],"wp:featuredmedia":[{"embeddable":true,"href":"https:\/\/summacum.lauder.hu\/index.php\/wp-json\/wp\/v2\/media\/3804"}],"wp:attachment":[{"href":"https:\/\/summacum.lauder.hu\/index.php\/wp-json\/wp\/v2\/media?parent=3800"}],"wp:term":[{"taxonomy":"category","embeddable":true,"href":"https:\/\/summacum.lauder.hu\/index.php\/wp-json\/wp\/v2\/categories?post=3800"},{"taxonomy":"post_tag","embeddable":true,"href":"https:\/\/summacum.lauder.hu\/index.php\/wp-json\/wp\/v2\/tags?post=3800"}],"curies":[{"name":"wp","href":"https:\/\/api.w.org\/{rel}","templated":true}]}}