{"id":3836,"date":"2025-03-26T15:30:11","date_gmt":"2025-03-26T15:30:11","guid":{"rendered":"https:\/\/summacum.lauder.hu\/?p=3836"},"modified":"2025-03-26T15:30:12","modified_gmt":"2025-03-26T15:30:12","slug":"multivator-68-tudositas-a-bgszc-budai-technikum-tizedikeseinek-tudomanyos-elmenynapjarol","status":"publish","type":"post","link":"https:\/\/summacum.lauder.hu\/index.php\/2025\/03\/26\/multivator-68-tudositas-a-bgszc-budai-technikum-tizedikeseinek-tudomanyos-elmenynapjarol\/","title":{"rendered":"Multiv\u00e1tor #68: Tud\u00f3s\u00edt\u00e1s a BGSZC Budai Technikum tizedikeseinek tudom\u00e1nyos \u00e9lm\u00e9nynapj\u00e1r\u00f3l"},"content":{"rendered":"\n<p>M\u00e1rcius 25-\u00e9n a <em>BGSZC Budai Technikum<\/em> tizedikesei inspir\u00e1l\u00f3 d\u00e9lut\u00e1nt t\u00f6lt\u00f6ttek a <em>Lauder Multiverzum Innov\u00e1ci\u00f3s T\u00e9r (MIT) Di\u00e1klaborban<\/em>, ahol a <strong>&#8220;Legyetek Ti is MULTIV\u00c1TOROK!&#8221;<\/strong> tudom\u00e1nyos \u00e9lm\u00e9nynapon vettek r\u00e9szt tan\u00e1raik, <strong><em>Pozsgai Petra <\/em><\/strong>\u00e9s <em><strong>Szil\u00e1gyi P\u00e9ter<\/strong><\/em> vezet\u00e9s\u00e9vel.<\/p>\n\n\n\n<p>A p\u00e1rhuzamosan zajl\u00f3 m\u0171helyfoglalkoz\u00e1sokon <strong><em>Moln\u00e1r L\u00e1szl\u00f3<\/em><\/strong> fizikatan\u00e1rral a di\u00e1kok a g\u0151zg\u00e9pek t\u00f6rt\u00e9net\u00e9nek nyom\u00e1ba eredtek. K\u00eds\u00e9rletek \u00e9s korh\u0171 modellek seg\u00edts\u00e9g\u00e9vel ismerkedtek meg a m\u0171k\u00f6d\u00e9s\u00fckkel, az \u00f3kort\u00f3l az ipari forradalomig n\u00f6vekv\u0151 jelent\u0151s\u00e9g\u00fckkel.<\/p>\n\n\n\n<figure class=\"wp-block-image size-large\"><img loading=\"lazy\" width=\"1024\" height=\"617\" src=\"https:\/\/summacum.lauder.hu\/wp-content\/uploads\/2025\/03\/multi68-02-1024x617.jpg\" alt=\"\" class=\"wp-image-3839\" srcset=\"https:\/\/summacum.lauder.hu\/wp-content\/uploads\/2025\/03\/multi68-02-1024x617.jpg 1024w, https:\/\/summacum.lauder.hu\/wp-content\/uploads\/2025\/03\/multi68-02-300x181.jpg 300w, https:\/\/summacum.lauder.hu\/wp-content\/uploads\/2025\/03\/multi68-02-768x463.jpg 768w, https:\/\/summacum.lauder.hu\/wp-content\/uploads\/2025\/03\/multi68-02-1170x705.jpg 1170w, https:\/\/summacum.lauder.hu\/wp-content\/uploads\/2025\/03\/multi68-02.jpg 1479w\" sizes=\"(max-width: 1024px) 100vw, 1024px\" \/><\/figure>\n\n\n\n<p>A  fiatalok munkat\u00e1rsunkkal, <strong><em>Biljarszki D\u00e1niel<\/em><\/strong><em><strong>lel  <\/strong><\/em>VR-szem\u00fcvegeken kereszt\u00fcl fedezt\u00e9k fel a <em>Nemzetk\u00f6zi \u0170r\u00e1llom\u00e1st<\/em>. A virtu\u00e1lis val\u00f3s\u00e1g technol\u00f3gia lehet\u0151v\u00e9 tette sz\u00e1mukra, hogy szinte val\u00f3s id\u0151ben \u00e9lhess\u00e9k \u00e1t az \u0171rhaj\u00f3sok mindennapjait \u00e9s munk\u00e1j\u00e1t. Az \u00e9rdekl\u0151d\u0151k emellett kipr\u00f3b\u00e1lhatt\u00e1k a t\u00e1vir\u00e1ny\u00edthat\u00f3 \u00e9s rajzol\u00f3 robotkarokat.<\/p>\n\n\n\n<p>A nap z\u00e1r\u00e1sak\u00e9nt \u00e1tadtuk a MULTIV\u00c1TOR-okleveleket, minden r\u00e9sztvev\u0151 v\u00e1laszthatott egy m\u00f3k\u00e1s tudom\u00e1nyos matric\u00e1t. <\/p>\n\n\n\n<p><em>A l\u00e1togat\u00e1s sor\u00e1n a di\u00e1kok \u00faj ismeretekkel \u00e9s \u00e9lm\u00e9nyekkel gazdagodtak, amelyek rem\u00e9lhet\u0151leg tov\u00e1bb n\u00f6velik \u00e9rdekl\u0151d\u00e9s\u00fcket a tudom\u00e1nyok ir\u00e1nt. A szervez\u00e9s\u00e9rt k\u00f6sz\u00f6net <strong>Katona Be\u00e1ta<\/strong> tan\u00e1rn\u0151nek!<\/em><\/p>\n\n\n\n<hr class=\"wp-block-separator\"\/>\n\n\n\n<p><em>A p\u00e1ly\u00e1zat k\u00f3dja: XIA-DI\u00c1KLABOR-23-01<\/em><\/p>\n\n\n\n<p><em>Kedvezm\u00e9nyezett: Vil\u00e1gi Zsid\u00f3 Iskola Alap\u00edtv\u00e1ny<\/em><\/p>\n\n\n\n<p><em>Megval\u00f3s\u00edt\u00e1si helysz\u00edn: Lauder Javne Zsid\u00f3 K\u00f6z\u00f6ss\u00e9gi \u00d3voda, \u00c1ltal\u00e1nos Iskola, Gimn\u00e1zium \u00e9s Zenei Alapfok\u00fa M\u0171v\u00e9szeti Iskola<\/em><\/p>\n\n\n\n<p><em>T\u00e1mogat\u00f3: Nemzeti Kutat\u00e1si, Fejleszt\u00e9si \u00e9s Innov\u00e1ci\u00f3s Hivatal, az NKFI Alapb\u00f3l megval\u00f3sul\u00f3 projekt, Nemzeti Innov\u00e1ci\u00f3s \u00dcgyn\u00f6ks\u00e9g Nonprofit Zrt.<\/em><\/p>\n","protected":false},"excerpt":{"rendered":"<p>M\u00e1rcius 25-\u00e9n a BGSZC Budai Technikum tizedikesei inspir\u00e1l\u00f3 d\u00e9lut\u00e1nt t\u00f6lt\u00f6ttek a Lauder Multiverzum Innov\u00e1ci\u00f3s T\u00e9r (MIT) Di\u00e1klaborban, ahol a &#8220;Legyetek Ti is MULTIV\u00c1TOROK!&#8221; tudom\u00e1nyos \u00e9lm\u00e9nynapon vettek r\u00e9szt tan\u00e1raik, Pozsgai Petra \u00e9s Szil\u00e1gyi P\u00e9ter vezet\u00e9s\u00e9vel. A p\u00e1rhuzamosan zajl\u00f3 m\u0171helyfoglalkoz\u00e1sokon Moln\u00e1r L\u00e1szl\u00f3 fizikatan\u00e1rral a di\u00e1kok a g\u0151zg\u00e9pek t\u00f6rt\u00e9net\u00e9nek nyom\u00e1ba eredtek. K\u00eds\u00e9rletek \u00e9s korh\u0171 modellek seg\u00edts\u00e9g\u00e9vel ismerkedtek meg a m\u0171k\u00f6d\u00e9s\u00fckkel, az \u00f3kort\u00f3l az ipari forradalomig n\u00f6vekv\u0151 jelent\u0151s\u00e9g\u00fckkel. A fiatalok munkat\u00e1rsunkkal, Biljarszki D\u00e1niellel VR-szem\u00fcvegeken kereszt\u00fcl fedezt\u00e9k fel a Nemzetk\u00f6zi \u0170r\u00e1llom\u00e1st. A virtu\u00e1lis val\u00f3s\u00e1g technol\u00f3gia<\/p>\n","protected":false},"author":3,"featured_media":3838,"comment_status":"closed","ping_status":"open","sticky":false,"template":"","format":"standard","meta":[],"categories":[245,321,322,324,341],"tags":[199,359,363,121,342,24,487],"_links":{"self":[{"href":"https:\/\/summacum.lauder.hu\/index.php\/wp-json\/wp\/v2\/posts\/3836"}],"collection":[{"href":"https:\/\/summacum.lauder.hu\/index.php\/wp-json\/wp\/v2\/posts"}],"about":[{"href":"https:\/\/summacum.lauder.hu\/index.php\/wp-json\/wp\/v2\/types\/post"}],"author":[{"embeddable":true,"href":"https:\/\/summacum.lauder.hu\/index.php\/wp-json\/wp\/v2\/users\/3"}],"replies":[{"embeddable":true,"href":"https:\/\/summacum.lauder.hu\/index.php\/wp-json\/wp\/v2\/comments?post=3836"}],"version-history":[{"count":3,"href":"https:\/\/summacum.lauder.hu\/index.php\/wp-json\/wp\/v2\/posts\/3836\/revisions"}],"predecessor-version":[{"id":3842,"href":"https:\/\/summacum.lauder.hu\/index.php\/wp-json\/wp\/v2\/posts\/3836\/revisions\/3842"}],"wp:featuredmedia":[{"embeddable":true,"href":"https:\/\/summacum.lauder.hu\/index.php\/wp-json\/wp\/v2\/media\/3838"}],"wp:attachment":[{"href":"https:\/\/summacum.lauder.hu\/index.php\/wp-json\/wp\/v2\/media?parent=3836"}],"wp:term":[{"taxonomy":"category","embeddable":true,"href":"https:\/\/summacum.lauder.hu\/index.php\/wp-json\/wp\/v2\/categories?post=3836"},{"taxonomy":"post_tag","embeddable":true,"href":"https:\/\/summacum.lauder.hu\/index.php\/wp-json\/wp\/v2\/tags?post=3836"}],"curies":[{"name":"wp","href":"https:\/\/api.w.org\/{rel}","templated":true}]}}