{"id":4544,"date":"2025-11-11T21:31:58","date_gmt":"2025-11-11T21:31:58","guid":{"rendered":"https:\/\/summacum.lauder.hu\/?p=4544"},"modified":"2025-11-11T21:31:59","modified_gmt":"2025-11-11T21:31:59","slug":"mit-junior-07-a-turkiz-osztaly-latogatasa-a-biomit-nyilt-napon","status":"publish","type":"post","link":"https:\/\/summacum.lauder.hu\/index.php\/2025\/11\/11\/mit-junior-07-a-turkiz-osztaly-latogatasa-a-biomit-nyilt-napon\/","title":{"rendered":"MIT junior #07 &#8211; a T\u00fcrkiz oszt\u00e1ly l\u00e1togat\u00e1sa a bioMIT ny\u00edlt napon"},"content":{"rendered":"\n<p>November 11-\u00e9n iskol\u00e1nk pedag\u00f3gusainak tartottunk ny\u00edlt napot a <em>Di\u00e1klaborban<\/em>. A szakmai f\u00f3rumra, mely sor\u00e1n \u00faj eszk\u00f6zeinket ismerhett\u00e9k meg a koll\u00e9g\u00e1k, az els\u0151s <strong>T\u00fcrkiz oszt\u00e1ly<\/strong> is ell\u00e1togatott. <\/p>\n\n\n\n<p>A gyerekek k\u00f6z\u00fcl t\u00f6bben m\u00e1r ovis korunkban is j\u00e1rtak hozz\u00e1nk a<strong><a rel=\"noreferrer noopener\" href=\"https:\/\/summacum.lauder.hu\/index.php\/tag\/minimit\/\" data-type=\"URL\" data-id=\"https:\/\/summacum.lauder.hu\/index.php\/tag\/minimit\/\" target=\"_blank\"> miniMIT <\/a><\/strong>program keret\u00e9ben. A 3D-nyomtat\u00f3kt\u00f3l a LED-falon \u00e1t a mikroszk\u00f3pokig, mindent kipr\u00f3b\u00e1ltak l\u00e1togat\u00f3ink. <\/p>\n\n\n\n<p>A rendhagy\u00f3 tan\u00f3ra v\u00e9g\u00e9n abban a rem\u00e9nyben k\u00f6sz\u00f6nt\u00fcnk el vend\u00e9geinkt\u0151l, hogy hamarosan egy foglalkoz\u00e1s keret\u00e9ben tal\u00e1lkozunk. <\/p>\n\n\n\n<p class=\"has-text-align-right\"><em>K\u00f6sz\u00f6nj\u00fck, hogy j\u00f6ttetek! <\/em><\/p>\n\n\n\n<hr class=\"wp-block-separator\"\/>\n\n\n\n<p><em>Di\u00e1klaborunkat \u00e9s a KETER kupol\u00e1t a Selye J\u00e1nos Di\u00e1klaborh\u00e1l\u00f3zat ki\u00e9p\u00edt\u00e9se p\u00e1ly\u00e1zat nyertes projektj\u00e9nek k\u00f6sz\u00f6nhet\u0151en alak\u00edtottuk ki:<\/em><\/p>\n\n\n\n<p><em>A p\u00e1ly\u00e1zat k\u00f3dja: XIA-DI\u00c1KLABOR-23-01<\/em><\/p>\n\n\n\n<p><em>Kedvezm\u00e9nyezett: Vil\u00e1gi Zsid\u00f3 Iskola Alap\u00edtv\u00e1ny<\/em><\/p>\n\n\n\n<p><em>Megval\u00f3s\u00edt\u00e1si helysz\u00edn: Lauder Javne Zsid\u00f3 K\u00f6z\u00f6ss\u00e9gi \u00d3voda, \u00c1ltal\u00e1nos Iskola, Gimn\u00e1zium \u00e9s Zenei Alapfok\u00fa M\u0171v\u00e9szeti Iskola<\/em><\/p>\n\n\n\n<p><em>T\u00e1mogat\u00f3: Nemzeti Kutat\u00e1si, Fejleszt\u00e9si \u00e9s Innov\u00e1ci\u00f3s Hivatal, az NKFI Alapb\u00f3l megval\u00f3sul\u00f3 projekt, Nemzeti Innov\u00e1ci\u00f3s \u00dcgyn\u00f6ks\u00e9g Nonprofit Zrt.<\/em><\/p>\n","protected":false},"excerpt":{"rendered":"<p>November 11-\u00e9n iskol\u00e1nk pedag\u00f3gusainak tartottunk ny\u00edlt napot a Di\u00e1klaborban. A szakmai f\u00f3rumra, mely sor\u00e1n \u00faj eszk\u00f6zeinket ismerhett\u00e9k meg a koll\u00e9g\u00e1k, az els\u0151s T\u00fcrkiz oszt\u00e1ly is ell\u00e1togatott. A gyerekek k\u00f6z\u00fcl t\u00f6bben m\u00e1r ovis korunkban is j\u00e1rtak hozz\u00e1nk a miniMIT program keret\u00e9ben. A 3D-nyomtat\u00f3kt\u00f3l a LED-falon \u00e1t a mikroszk\u00f3pokig, mindent kipr\u00f3b\u00e1ltak l\u00e1togat\u00f3ink. A rendhagy\u00f3 tan\u00f3ra v\u00e9g\u00e9n abban a rem\u00e9nyben k\u00f6sz\u00f6nt\u00fcnk el vend\u00e9geinkt\u0151l, hogy hamarosan egy foglalkoz\u00e1s keret\u00e9ben tal\u00e1lkozunk. K\u00f6sz\u00f6nj\u00fck, hogy j\u00f6ttetek! Di\u00e1klaborunkat \u00e9s a KETER kupol\u00e1t a Selye J\u00e1nos Di\u00e1klaborh\u00e1l\u00f3zat ki\u00e9p\u00edt\u00e9se p\u00e1ly\u00e1zat<\/p>\n","protected":false},"author":3,"featured_media":4545,"comment_status":"closed","ping_status":"open","sticky":false,"template":"","format":"standard","meta":[],"categories":[245,321,322,324,557,581],"tags":[486,30,363,391,561,582,177],"_links":{"self":[{"href":"https:\/\/summacum.lauder.hu\/index.php\/wp-json\/wp\/v2\/posts\/4544"}],"collection":[{"href":"https:\/\/summacum.lauder.hu\/index.php\/wp-json\/wp\/v2\/posts"}],"about":[{"href":"https:\/\/summacum.lauder.hu\/index.php\/wp-json\/wp\/v2\/types\/post"}],"author":[{"embeddable":true,"href":"https:\/\/summacum.lauder.hu\/index.php\/wp-json\/wp\/v2\/users\/3"}],"replies":[{"embeddable":true,"href":"https:\/\/summacum.lauder.hu\/index.php\/wp-json\/wp\/v2\/comments?post=4544"}],"version-history":[{"count":3,"href":"https:\/\/summacum.lauder.hu\/index.php\/wp-json\/wp\/v2\/posts\/4544\/revisions"}],"predecessor-version":[{"id":4548,"href":"https:\/\/summacum.lauder.hu\/index.php\/wp-json\/wp\/v2\/posts\/4544\/revisions\/4548"}],"wp:featuredmedia":[{"embeddable":true,"href":"https:\/\/summacum.lauder.hu\/index.php\/wp-json\/wp\/v2\/media\/4545"}],"wp:attachment":[{"href":"https:\/\/summacum.lauder.hu\/index.php\/wp-json\/wp\/v2\/media?parent=4544"}],"wp:term":[{"taxonomy":"category","embeddable":true,"href":"https:\/\/summacum.lauder.hu\/index.php\/wp-json\/wp\/v2\/categories?post=4544"},{"taxonomy":"post_tag","embeddable":true,"href":"https:\/\/summacum.lauder.hu\/index.php\/wp-json\/wp\/v2\/tags?post=4544"}],"curies":[{"name":"wp","href":"https:\/\/api.w.org\/{rel}","templated":true}]}}