{"id":4549,"date":"2025-11-11T22:05:05","date_gmt":"2025-11-11T22:05:05","guid":{"rendered":"https:\/\/summacum.lauder.hu\/?p=4549"},"modified":"2025-11-11T22:05:07","modified_gmt":"2025-11-11T22:05:07","slug":"minimit-43-kozossegi-kerteszet-es-a-negyedik-legylab","status":"publish","type":"post","link":"https:\/\/summacum.lauder.hu\/index.php\/2025\/11\/11\/minimit-43-kozossegi-kerteszet-es-a-negyedik-legylab\/","title":{"rendered":"miniMIT #43 K\u00f6z\u00f6ss\u00e9gi kert\u00e9szet \u00e9s a negyedik l\u00e9gyl\u00e1b"},"content":{"rendered":"\n<p>November 11-\u00e9n a <em><a href=\"https:\/\/summacum.lauder.hu\/index.php\/tag\/minimit\/\" data-type=\"URL\" data-id=\"https:\/\/summacum.lauder.hu\/index.php\/tag\/minimit\/\" target=\"_blank\" rel=\"noreferrer noopener\">miniMIT programsorozat<\/a><\/em> negyedik csapata, a <em>Lauder Javne \u00d3voda<\/em> <strong>Cheeky Monkeys<\/strong> csoportja kezdte a keddi napj\u00e1t a <em>Di\u00e1klaborban<\/em>. <\/p>\n\n\n\n<p>A <em><a rel=\"noreferrer noopener\" href=\"https:\/\/summacum.lauder.hu\/index.php\/majim\/\" data-type=\"URL\" data-id=\"https:\/\/summacum.lauder.hu\/index.php\/majim\/\" target=\"_blank\">M\u00e1jim 5785\/86 program<\/a><\/em> keret\u00e9ben az okoskerttel ismerkedtek a gyerekek. Megbesz\u00e9lt\u00fck a n\u00f6v\u00e9nytermeszt\u00e9s f\u0151bb k\u00e9rd\u00e9seit, sz\u00e1mba vett\u00fck, mi mindenre van sz\u00fcks\u00e9g a paradicsomok \u00e9s sal\u00e1t\u00e1k termeszt\u00e9s\u00e9hez. <\/p>\n\n\n\n<p>A n\u00f6v\u00e9nytani ismerked\u00e9s ut\u00e1n az ember f\u0151bb szerveivel foglalkoztunk a <em>Nemzeti Tud\u00f3sk\u00e9pz\u0151 Akad\u00e9mia<\/em> torz\u00f3j\u00e1nak seg\u00edts\u00e9g\u00e9vel, majd a mikroszk\u00f3pokat pr\u00f3b\u00e1ltuk ki l\u00e9gyl\u00e1bat, krist\u00e1lyokat, hajsz\u00e1lakat tanulm\u00e1nyozva.<\/p>\n\n\n\n<p>Tudom\u00e1nyos \u00e9lm\u00e9nyekkel \u00e9s egy-egy vid\u00e1m matric\u00e1val t\u00e9rtek vissza a kicsik az oviba. <em>K\u00f6sz\u00f6nj\u00fck a k\u00f6z\u00f6s tanul\u00e1st!<\/em><\/p>\n\n\n\n<p><strong><em>A Lauder Javne Iskola Multiverzum Innov\u00e1ci\u00f3s T\u00e9r k\u00f6z\u00f6ss\u00e9gi projektje (P-051-II.2\/2025) a Bethlen G\u00e1bor Alapkezel\u0151 Zrt., a Minisztereln\u00f6ks\u00e9g \u00e9s a MAZS\u00d6K t\u00e1mogat\u00e1s\u00e1val val\u00f3sult meg.<\/em><\/strong><\/p>\n\n\n\n<hr class=\"wp-block-separator\"\/>\n\n\n\n<p><em>Di\u00e1klaborunkat a Selye J\u00e1nos Di\u00e1klaborh\u00e1l\u00f3zat ki\u00e9p\u00edt\u00e9se p\u00e1ly\u00e1zat nyertes projektj\u00e9nek k\u00f6sz\u00f6nhet\u0151en alak\u00edtottuk ki:<\/em><\/p>\n\n\n\n<p><em>A p\u00e1ly\u00e1zat k\u00f3dja: XIA-DI\u00c1KLABOR-23-01<\/em><\/p>\n\n\n\n<p><em>Kedvezm\u00e9nyezett: Vil\u00e1gi Zsid\u00f3 Iskola Alap\u00edtv\u00e1ny<\/em><\/p>\n\n\n\n<p><em>Megval\u00f3s\u00edt\u00e1si helysz\u00edn: Lauder Javne Zsid\u00f3 K\u00f6z\u00f6ss\u00e9gi \u00d3voda, \u00c1ltal\u00e1nos Iskola, Gimn\u00e1zium \u00e9s Zenei Alapfok\u00fa M\u0171v\u00e9szeti Iskola<\/em><\/p>\n\n\n\n<p><em>T\u00e1mogat\u00f3: Nemzeti Kutat\u00e1si, Fejleszt\u00e9si \u00e9s Innov\u00e1ci\u00f3s Hivatal, az NKFI Alapb\u00f3l megval\u00f3sul\u00f3 projekt, Nemzeti Innov\u00e1ci\u00f3s \u00dcgyn\u00f6ks\u00e9g Nonprofit Zrt.<\/em><\/p>\n","protected":false},"excerpt":{"rendered":"<p>November 11-\u00e9n a miniMIT programsorozat negyedik csapata, a Lauder Javne \u00d3voda Cheeky Monkeys csoportja kezdte a keddi napj\u00e1t a Di\u00e1klaborban. A M\u00e1jim 5785\/86 program keret\u00e9ben az okoskerttel ismerkedtek a gyerekek. Megbesz\u00e9lt\u00fck a n\u00f6v\u00e9nytermeszt\u00e9s f\u0151bb k\u00e9rd\u00e9seit, sz\u00e1mba vett\u00fck, mi mindenre van sz\u00fcks\u00e9g a paradicsomok \u00e9s sal\u00e1t\u00e1k termeszt\u00e9s\u00e9hez. A n\u00f6v\u00e9nytani ismerked\u00e9s ut\u00e1n az ember f\u0151bb szerveivel foglalkoztunk a Nemzeti Tud\u00f3sk\u00e9pz\u0151 Akad\u00e9mia torz\u00f3j\u00e1nak seg\u00edts\u00e9g\u00e9vel, majd a mikroszk\u00f3pokat pr\u00f3b\u00e1ltuk ki l\u00e9gyl\u00e1bat, krist\u00e1lyokat, hajsz\u00e1lakat tanulm\u00e1nyozva. Tudom\u00e1nyos \u00e9lm\u00e9nyekkel \u00e9s egy-egy vid\u00e1m matric\u00e1val t\u00e9rtek vissza a kicsik<\/p>\n","protected":false},"author":3,"featured_media":4550,"comment_status":"closed","ping_status":"open","sticky":false,"template":"","format":"standard","meta":[],"categories":[245,321,470,322,324,581],"tags":[30,605,363,589,356,468,582,606,607,177],"_links":{"self":[{"href":"https:\/\/summacum.lauder.hu\/index.php\/wp-json\/wp\/v2\/posts\/4549"}],"collection":[{"href":"https:\/\/summacum.lauder.hu\/index.php\/wp-json\/wp\/v2\/posts"}],"about":[{"href":"https:\/\/summacum.lauder.hu\/index.php\/wp-json\/wp\/v2\/types\/post"}],"author":[{"embeddable":true,"href":"https:\/\/summacum.lauder.hu\/index.php\/wp-json\/wp\/v2\/users\/3"}],"replies":[{"embeddable":true,"href":"https:\/\/summacum.lauder.hu\/index.php\/wp-json\/wp\/v2\/comments?post=4549"}],"version-history":[{"count":3,"href":"https:\/\/summacum.lauder.hu\/index.php\/wp-json\/wp\/v2\/posts\/4549\/revisions"}],"predecessor-version":[{"id":4553,"href":"https:\/\/summacum.lauder.hu\/index.php\/wp-json\/wp\/v2\/posts\/4549\/revisions\/4553"}],"wp:featuredmedia":[{"embeddable":true,"href":"https:\/\/summacum.lauder.hu\/index.php\/wp-json\/wp\/v2\/media\/4550"}],"wp:attachment":[{"href":"https:\/\/summacum.lauder.hu\/index.php\/wp-json\/wp\/v2\/media?parent=4549"}],"wp:term":[{"taxonomy":"category","embeddable":true,"href":"https:\/\/summacum.lauder.hu\/index.php\/wp-json\/wp\/v2\/categories?post=4549"},{"taxonomy":"post_tag","embeddable":true,"href":"https:\/\/summacum.lauder.hu\/index.php\/wp-json\/wp\/v2\/tags?post=4549"}],"curies":[{"name":"wp","href":"https:\/\/api.w.org\/{rel}","templated":true}]}}