{"id":4792,"date":"2026-01-26T14:36:29","date_gmt":"2026-01-26T14:36:29","guid":{"rendered":"https:\/\/summacum.lauder.hu\/?p=4792"},"modified":"2026-01-26T14:36:30","modified_gmt":"2026-01-26T14:36:30","slug":"gratulalunk-horanyi-gabort-alelnokenek-valasztotta-a-magyarorszagi-diaklaborok-egyesulete","status":"publish","type":"post","link":"https:\/\/summacum.lauder.hu\/index.php\/2026\/01\/26\/gratulalunk-horanyi-gabort-alelnokenek-valasztotta-a-magyarorszagi-diaklaborok-egyesulete\/","title":{"rendered":"Gratul\u00e1lunk! Hor\u00e1nyi G\u00e1bort aleln\u00f6k\u00e9nek v\u00e1lasztotta a Magyarorsz\u00e1gi Di\u00e1klaborok Egyes\u00fclete"},"content":{"rendered":"\n<p>A <em>Selye J\u00e1nos Di\u00e1klaborh\u00e1l\u00f3zat<\/em> ki\u00e9p\u00edt\u00e9se projekt keret\u00e9ben kezdte meg iskol\u00e1nk az egy\u00fcttm\u0171k\u00f6d\u00e9st a <strong><a rel=\"noreferrer noopener\" href=\"https:\/\/diaklabor.hu\/\" data-type=\"URL\" data-id=\"https:\/\/diaklabor.hu\/\" target=\"_blank\">Magyarorsz\u00e1gi Di\u00e1klaborok Egyes\u00fclet\u00e9vel (MDE)<\/a><\/strong>. <\/p>\n\n\n\n<p>2026. janu\u00e1r 16-\u00e1n zajlott a hazai di\u00e1klaborokat t\u00f6m\u00f6r\u00edt\u0151 szervezet  tiszt\u00faj\u00edt\u00f3 k\u00f6zgy\u0171l\u00e9se, melyen a<em> Lauder Javne Iskola<\/em> tehets\u00e9ggondoz\u00e1s\u00e9rt felel\u0151s vezet\u0151j\u00e9t, <strong><em>Hor\u00e1nyi G\u00e1bort<\/em><\/strong> a szervezet aleln\u00f6k\u00e9v\u00e9 v\u00e1laszott\u00e1k. <\/p>\n\n\n\n<p> <strong><em>Mikul\u00e1s Domonkos<\/em><\/strong> eln\u00f6kkel \u00e9s <strong><em>V\u00e1mosi L\u00e1szl\u00f3 <\/em><\/strong>titk\u00e1rral k\u00f6z\u00f6sen ir\u00e1ny\u00edtj\u00e1k az egyes\u00fclet munk\u00e1j\u00e1t az elk\u00f6vetkez\u0151 id\u0151szakban. <\/p>\n\n\n\n<p>Az MDE <a href=\"https:\/\/diaklabor.hu\/hir\/szakmai_muhelymunka_es_egyesuleti_kozgyules\" data-type=\"URL\" data-id=\"https:\/\/diaklabor.hu\/hir\/szakmai_muhelymunka_es_egyesuleti_kozgyules\" target=\"_blank\" rel=\"noreferrer noopener\">szakmai m\u0171helynapj\u00e1n<\/a> <strong><em>Juh\u00e1sz M\u00f3nika<\/em><\/strong> tan\u00fcgyi vezet\u0151nk, <strong><em>Hal\u00e1sz J\u00e1nos <\/em><\/strong>operat\u00edv \u00fcgyek\u00e9rt felel\u0151s f\u0151igazgat\u00f3-helyettes \u00e9s <strong><em>Hor\u00e1nyi G\u00e1bor<\/em><\/strong>  k\u00e9pviselte di\u00e1klaborunkat.<\/p>\n","protected":false},"excerpt":{"rendered":"<p>A Selye J\u00e1nos Di\u00e1klaborh\u00e1l\u00f3zat ki\u00e9p\u00edt\u00e9se projekt keret\u00e9ben kezdte meg iskol\u00e1nk az egy\u00fcttm\u0171k\u00f6d\u00e9st a Magyarorsz\u00e1gi Di\u00e1klaborok Egyes\u00fclet\u00e9vel (MDE). 2026. janu\u00e1r 16-\u00e1n zajlott a hazai di\u00e1klaborokat t\u00f6m\u00f6r\u00edt\u0151 szervezet tiszt\u00faj\u00edt\u00f3 k\u00f6zgy\u0171l\u00e9se, melyen a Lauder Javne Iskola tehets\u00e9ggondoz\u00e1s\u00e9rt felel\u0151s vezet\u0151j\u00e9t, Hor\u00e1nyi G\u00e1bort a szervezet aleln\u00f6k\u00e9v\u00e9 v\u00e1laszott\u00e1k. Mikul\u00e1s Domonkos eln\u00f6kkel \u00e9s V\u00e1mosi L\u00e1szl\u00f3 titk\u00e1rral k\u00f6z\u00f6sen ir\u00e1ny\u00edtj\u00e1k az egyes\u00fclet munk\u00e1j\u00e1t az elk\u00f6vetkez\u0151 id\u0151szakban. Az MDE szakmai m\u0171helynapj\u00e1n Juh\u00e1sz M\u00f3nika tan\u00fcgyi vezet\u0151nk, Hal\u00e1sz J\u00e1nos operat\u00edv \u00fcgyek\u00e9rt felel\u0151s f\u0151igazgat\u00f3-helyettes \u00e9s Hor\u00e1nyi G\u00e1bor k\u00e9pviselte di\u00e1klaborunkat.<\/p>\n","protected":false},"author":3,"featured_media":4793,"comment_status":"closed","ping_status":"open","sticky":false,"template":"","format":"standard","meta":[],"categories":[245,321,322,324],"tags":[363,541],"_links":{"self":[{"href":"https:\/\/summacum.lauder.hu\/index.php\/wp-json\/wp\/v2\/posts\/4792"}],"collection":[{"href":"https:\/\/summacum.lauder.hu\/index.php\/wp-json\/wp\/v2\/posts"}],"about":[{"href":"https:\/\/summacum.lauder.hu\/index.php\/wp-json\/wp\/v2\/types\/post"}],"author":[{"embeddable":true,"href":"https:\/\/summacum.lauder.hu\/index.php\/wp-json\/wp\/v2\/users\/3"}],"replies":[{"embeddable":true,"href":"https:\/\/summacum.lauder.hu\/index.php\/wp-json\/wp\/v2\/comments?post=4792"}],"version-history":[{"count":5,"href":"https:\/\/summacum.lauder.hu\/index.php\/wp-json\/wp\/v2\/posts\/4792\/revisions"}],"predecessor-version":[{"id":4798,"href":"https:\/\/summacum.lauder.hu\/index.php\/wp-json\/wp\/v2\/posts\/4792\/revisions\/4798"}],"wp:featuredmedia":[{"embeddable":true,"href":"https:\/\/summacum.lauder.hu\/index.php\/wp-json\/wp\/v2\/media\/4793"}],"wp:attachment":[{"href":"https:\/\/summacum.lauder.hu\/index.php\/wp-json\/wp\/v2\/media?parent=4792"}],"wp:term":[{"taxonomy":"category","embeddable":true,"href":"https:\/\/summacum.lauder.hu\/index.php\/wp-json\/wp\/v2\/categories?post=4792"},{"taxonomy":"post_tag","embeddable":true,"href":"https:\/\/summacum.lauder.hu\/index.php\/wp-json\/wp\/v2\/tags?post=4792"}],"curies":[{"name":"wp","href":"https:\/\/api.w.org\/{rel}","templated":true}]}}