{"id":4909,"date":"2026-03-04T14:37:34","date_gmt":"2026-03-04T14:37:34","guid":{"rendered":"https:\/\/summacum.lauder.hu\/?p=4909"},"modified":"2026-03-04T14:37:34","modified_gmt":"2026-03-04T14:37:34","slug":"innolab-vonzasok-es-taszitasok","status":"publish","type":"post","link":"https:\/\/summacum.lauder.hu\/index.php\/2026\/03\/04\/innolab-vonzasok-es-taszitasok\/","title":{"rendered":"INNOlab: Vonz\u00e1sok \u00e9s tasz\u00edt\u00e1sok"},"content":{"rendered":"\n<p>M\u00e1rcius 3-\u00e1n tal\u00e1lkoztak ism\u00e9t az <em><a href=\"https:\/\/summacum.lauder.hu\/index.php\/category\/innolab-diak-innovator-klub\/\" data-type=\"URL\" data-id=\"https:\/\/summacum.lauder.hu\/index.php\/category\/innolab-diak-innovator-klub\/\" target=\"_blank\" rel=\"noreferrer noopener\">INNOlab &#8211; Di\u00e1k Innov\u00e1torok Klubj\u00e1nak <\/a><\/em>szakk\u00f6r\u00f6sei a <em>Di\u00e1klaborban<\/em>. Ez\u00fattal a m\u00e1gnesekben rejl\u0151 innovat\u00edv lehet\u0151s\u00e9geket vett\u00fck g\u00f3rcs\u0151 al\u00e1. <\/p>\n\n\n\n<p>Egy trendi m\u00e1gneses t\u00e1rsasj\u00e1t\u00e9k kipr\u00f3b\u00e1l\u00e1sa ut\u00e1n mi magunk is j\u00e1t\u00e9ktervez\u00e9sbe kezdt\u00fcnk. A legizgalmasabb, piack\u00e9pes, sz\u00f3rakoztat\u00f3 k\u00e9szlet l\u00e9trehoz\u00e1sa volt a c\u00e9l. <\/p>\n\n\n\n<p>A h\u00e1rom \u00f6tlet bemutat\u00e1sa ut\u00e1n a csapattal k\u00f6z\u00f6sen elemezt\u00fck a l\u00e1tottakat, k\u00e9rd\u00e9seket vitattunk meg, fejleszt\u00e9si javaslatokat tett\u00fcnk. <\/p>\n\n\n\n<p class=\"has-text-align-right\"><em>K\u00f6sz\u00f6net a k\u00f6z\u00f6ss\u00e9gi \u00f6tletel\u00e9s\u00e9rt! <\/em><\/p>\n\n\n\n<hr class=\"wp-block-separator\"\/>\n\n\n\n<p><em>Di\u00e1klaborunkat a Selye J\u00e1nos Di\u00e1klaborh\u00e1l\u00f3zat ki\u00e9p\u00edt\u00e9se p\u00e1ly\u00e1zat nyertes projektj\u00e9nek k\u00f6sz\u00f6nhet\u0151en alak\u00edtottuk ki:<\/em><\/p>\n\n\n\n<p><em>A p\u00e1ly\u00e1zat k\u00f3dja: XIA-DI\u00c1KLABOR-23-01<\/em><\/p>\n\n\n\n<p><em>Kedvezm\u00e9nyezett: Vil\u00e1gi Zsid\u00f3 Iskola Alap\u00edtv\u00e1ny<\/em><\/p>\n\n\n\n<p><em>Megval\u00f3s\u00edt\u00e1si helysz\u00edn: Lauder Javne Zsid\u00f3 K\u00f6z\u00f6ss\u00e9gi \u00d3voda, \u00c1ltal\u00e1nos Iskola, Gimn\u00e1zium \u00e9s Zenei Alapfok\u00fa M\u0171v\u00e9szeti Iskola<\/em><\/p>\n\n\n\n<p><em>T\u00e1mogat\u00f3: Nemzeti Kutat\u00e1si, Fejleszt\u00e9si \u00e9s Innov\u00e1ci\u00f3s Hivatal, az NKFI Alapb\u00f3l megval\u00f3sul\u00f3 projekt, Nemzeti Innov\u00e1ci\u00f3s \u00dcgyn\u00f6ks\u00e9g Nonprofit Zrt.<\/em><\/p>\n","protected":false},"excerpt":{"rendered":"<p>M\u00e1rcius 3-\u00e1n tal\u00e1lkoztak ism\u00e9t az INNOlab &#8211; Di\u00e1k Innov\u00e1torok Klubj\u00e1nak szakk\u00f6r\u00f6sei a Di\u00e1klaborban. Ez\u00fattal a m\u00e1gnesekben rejl\u0151 innovat\u00edv lehet\u0151s\u00e9geket vett\u00fck g\u00f3rcs\u0151 al\u00e1. Egy trendi m\u00e1gneses t\u00e1rsasj\u00e1t\u00e9k kipr\u00f3b\u00e1l\u00e1sa ut\u00e1n mi magunk is j\u00e1t\u00e9ktervez\u00e9sbe kezdt\u00fcnk. A legizgalmasabb, piack\u00e9pes, sz\u00f3rakoztat\u00f3 k\u00e9szlet l\u00e9trehoz\u00e1sa volt a c\u00e9l. A h\u00e1rom \u00f6tlet bemutat\u00e1sa ut\u00e1n a csapattal k\u00f6z\u00f6sen elemezt\u00fck a l\u00e1tottakat, k\u00e9rd\u00e9seket vitattunk meg, fejleszt\u00e9si javaslatokat tett\u00fcnk. K\u00f6sz\u00f6net a k\u00f6z\u00f6ss\u00e9gi \u00f6tletel\u00e9s\u00e9rt! Di\u00e1klaborunkat a Selye J\u00e1nos Di\u00e1klaborh\u00e1l\u00f3zat ki\u00e9p\u00edt\u00e9se p\u00e1ly\u00e1zat nyertes projektj\u00e9nek k\u00f6sz\u00f6nhet\u0151en alak\u00edtottuk ki: A p\u00e1ly\u00e1zat k\u00f3dja: XIA-DI\u00c1KLABOR-23-01 Kedvezm\u00e9nyezett:<\/p>\n","protected":false},"author":3,"featured_media":4910,"comment_status":"closed","ping_status":"open","sticky":false,"template":"","format":"standard","meta":[],"categories":[245,130,321,322,324],"tags":[19,634,125,363,103],"_links":{"self":[{"href":"https:\/\/summacum.lauder.hu\/index.php\/wp-json\/wp\/v2\/posts\/4909"}],"collection":[{"href":"https:\/\/summacum.lauder.hu\/index.php\/wp-json\/wp\/v2\/posts"}],"about":[{"href":"https:\/\/summacum.lauder.hu\/index.php\/wp-json\/wp\/v2\/types\/post"}],"author":[{"embeddable":true,"href":"https:\/\/summacum.lauder.hu\/index.php\/wp-json\/wp\/v2\/users\/3"}],"replies":[{"embeddable":true,"href":"https:\/\/summacum.lauder.hu\/index.php\/wp-json\/wp\/v2\/comments?post=4909"}],"version-history":[{"count":4,"href":"https:\/\/summacum.lauder.hu\/index.php\/wp-json\/wp\/v2\/posts\/4909\/revisions"}],"predecessor-version":[{"id":4914,"href":"https:\/\/summacum.lauder.hu\/index.php\/wp-json\/wp\/v2\/posts\/4909\/revisions\/4914"}],"wp:featuredmedia":[{"embeddable":true,"href":"https:\/\/summacum.lauder.hu\/index.php\/wp-json\/wp\/v2\/media\/4910"}],"wp:attachment":[{"href":"https:\/\/summacum.lauder.hu\/index.php\/wp-json\/wp\/v2\/media?parent=4909"}],"wp:term":[{"taxonomy":"category","embeddable":true,"href":"https:\/\/summacum.lauder.hu\/index.php\/wp-json\/wp\/v2\/categories?post=4909"},{"taxonomy":"post_tag","embeddable":true,"href":"https:\/\/summacum.lauder.hu\/index.php\/wp-json\/wp\/v2\/tags?post=4909"}],"curies":[{"name":"wp","href":"https:\/\/api.w.org\/{rel}","templated":true}]}}