{"id":4968,"date":"2026-04-04T20:24:00","date_gmt":"2026-04-04T20:24:00","guid":{"rendered":"https:\/\/summacum.lauder.hu\/?p=4968"},"modified":"2026-04-03T14:25:26","modified_gmt":"2026-04-03T14:25:26","slug":"nemzeti-tudoskepzo-akademia-halboncolas-a-radnotiban","status":"publish","type":"post","link":"https:\/\/summacum.lauder.hu\/index.php\/2026\/04\/04\/nemzeti-tudoskepzo-akademia-halboncolas-a-radnotiban\/","title":{"rendered":"Nemzeti Tud\u00f3sk\u00e9pz\u0151 Akad\u00e9mia: Halboncol\u00e1s a Radn\u00f3tiban"},"content":{"rendered":"\n<p>\u00c1prilis 1-j\u00e9n a <em><a rel=\"noreferrer noopener\" href=\"https:\/\/www.edu-sci.org\/\" data-type=\"URL\" data-id=\"https:\/\/www.edu-sci.org\/\" target=\"_blank\">Nemzeti Tud\u00f3sk\u00e9pz\u0151 Akad\u00e9mia<\/a><\/em> budapesti <em>Ter\u00fcleti K\u00e9pz\u00e9si K\u00f6zpontjainak <\/em>egy\u00fcttm\u0171k\u00f6d\u00e9s\u00e9ben halboncol\u00e1son vettek r\u00e9szt di\u00e1kjaink az <em>ELTE Radn\u00f3ti Mikl\u00f3s Gyakorl\u00f3 Gimn\u00e1ziumban<\/em>. A <strong><em>Moln\u00e1r \u00c1gnes <\/em><\/strong>tan\u00e1rn\u0151 \u00e1ltal vezetett gyakorlaton b\u0151v\u00edthett\u00e9k ismereteiket a k\u00f6z\u00e9piskol\u00e1sok. <\/p>\n\n\n\n<p class=\"has-text-align-right\"><em>K\u00f6sz\u00f6nj\u00fck a lehet\u0151s\u00e9get \u00e9s a k\u00f6z\u00f6s tanul\u00e1st!<\/em><\/p>\n\n\n\n<hr class=\"wp-block-separator\"\/>\n\n\n\n<p><em>Di\u00e1klaborunkat a Selye J\u00e1nos Di\u00e1klaborh\u00e1l\u00f3zat ki\u00e9p\u00edt\u00e9se p\u00e1ly\u00e1zat nyertes projektj\u00e9nek k\u00f6sz\u00f6nhet\u0151en alak\u00edtottuk ki:<\/em><\/p>\n\n\n\n<p><em>A p\u00e1ly\u00e1zat k\u00f3dja: XIA-DI\u00c1KLABOR-23-01<\/em><\/p>\n\n\n\n<p><em>Kedvezm\u00e9nyezett: Vil\u00e1gi Zsid\u00f3 Iskola Alap\u00edtv\u00e1ny<\/em><\/p>\n\n\n\n<p><em>Megval\u00f3s\u00edt\u00e1si helysz\u00edn: Lauder Javne Zsid\u00f3 K\u00f6z\u00f6ss\u00e9gi \u00d3voda, \u00c1ltal\u00e1nos Iskola, Gimn\u00e1zium \u00e9s Zenei Alapfok\u00fa M\u0171v\u00e9szeti Iskola<\/em><\/p>\n\n\n\n<p><em>T\u00e1mogat\u00f3: Nemzeti Kutat\u00e1si, Fejleszt\u00e9si \u00e9s Innov\u00e1ci\u00f3s Hivatal, az NKFI Alapb\u00f3l megval\u00f3sul\u00f3 projekt, Nemzeti Innov\u00e1ci\u00f3s \u00dcgyn\u00f6ks\u00e9g Nonprofit Zrt.<\/em><\/p>\n","protected":false},"excerpt":{"rendered":"<p>\u00c1prilis 1-j\u00e9n a Nemzeti Tud\u00f3sk\u00e9pz\u0151 Akad\u00e9mia budapesti Ter\u00fcleti K\u00e9pz\u00e9si K\u00f6zpontjainak egy\u00fcttm\u0171k\u00f6d\u00e9s\u00e9ben halboncol\u00e1son vettek r\u00e9szt di\u00e1kjaink az ELTE Radn\u00f3ti Mikl\u00f3s Gyakorl\u00f3 Gimn\u00e1ziumban. A Moln\u00e1r \u00c1gnes tan\u00e1rn\u0151 \u00e1ltal vezetett gyakorlaton b\u0151v\u00edthett\u00e9k ismereteiket a k\u00f6z\u00e9piskol\u00e1sok. K\u00f6sz\u00f6nj\u00fck a lehet\u0151s\u00e9get \u00e9s a k\u00f6z\u00f6s tanul\u00e1st! Di\u00e1klaborunkat a Selye J\u00e1nos Di\u00e1klaborh\u00e1l\u00f3zat ki\u00e9p\u00edt\u00e9se p\u00e1ly\u00e1zat nyertes projektj\u00e9nek k\u00f6sz\u00f6nhet\u0151en alak\u00edtottuk ki: A p\u00e1ly\u00e1zat k\u00f3dja: XIA-DI\u00c1KLABOR-23-01 Kedvezm\u00e9nyezett: Vil\u00e1gi Zsid\u00f3 Iskola Alap\u00edtv\u00e1ny Megval\u00f3s\u00edt\u00e1si helysz\u00edn: Lauder Javne Zsid\u00f3 K\u00f6z\u00f6ss\u00e9gi \u00d3voda, \u00c1ltal\u00e1nos Iskola, Gimn\u00e1zium \u00e9s Zenei Alapfok\u00fa M\u0171v\u00e9szeti Iskola T\u00e1mogat\u00f3: Nemzeti Kutat\u00e1si, Fejleszt\u00e9si \u00e9s<\/p>\n","protected":false},"author":3,"featured_media":4991,"comment_status":"closed","ping_status":"open","sticky":false,"template":"","format":"standard","meta":[],"categories":[245,321,322,324,581],"tags":[630,30,601,639,363,582],"_links":{"self":[{"href":"https:\/\/summacum.lauder.hu\/index.php\/wp-json\/wp\/v2\/posts\/4968"}],"collection":[{"href":"https:\/\/summacum.lauder.hu\/index.php\/wp-json\/wp\/v2\/posts"}],"about":[{"href":"https:\/\/summacum.lauder.hu\/index.php\/wp-json\/wp\/v2\/types\/post"}],"author":[{"embeddable":true,"href":"https:\/\/summacum.lauder.hu\/index.php\/wp-json\/wp\/v2\/users\/3"}],"replies":[{"embeddable":true,"href":"https:\/\/summacum.lauder.hu\/index.php\/wp-json\/wp\/v2\/comments?post=4968"}],"version-history":[{"count":2,"href":"https:\/\/summacum.lauder.hu\/index.php\/wp-json\/wp\/v2\/posts\/4968\/revisions"}],"predecessor-version":[{"id":4992,"href":"https:\/\/summacum.lauder.hu\/index.php\/wp-json\/wp\/v2\/posts\/4968\/revisions\/4992"}],"wp:featuredmedia":[{"embeddable":true,"href":"https:\/\/summacum.lauder.hu\/index.php\/wp-json\/wp\/v2\/media\/4991"}],"wp:attachment":[{"href":"https:\/\/summacum.lauder.hu\/index.php\/wp-json\/wp\/v2\/media?parent=4968"}],"wp:term":[{"taxonomy":"category","embeddable":true,"href":"https:\/\/summacum.lauder.hu\/index.php\/wp-json\/wp\/v2\/categories?post=4968"},{"taxonomy":"post_tag","embeddable":true,"href":"https:\/\/summacum.lauder.hu\/index.php\/wp-json\/wp\/v2\/tags?post=4968"}],"curies":[{"name":"wp","href":"https:\/\/api.w.org\/{rel}","templated":true}]}}