{"id":4972,"date":"2026-04-04T20:38:00","date_gmt":"2026-04-04T20:38:00","guid":{"rendered":"https:\/\/summacum.lauder.hu\/?p=4972"},"modified":"2026-04-13T11:46:40","modified_gmt":"2026-04-13T11:46:40","slug":"nemzeti-tudoskepzo-akademia-ismet-szegeden-jartunk","status":"publish","type":"post","link":"https:\/\/summacum.lauder.hu\/index.php\/2026\/04\/04\/nemzeti-tudoskepzo-akademia-ismet-szegeden-jartunk\/","title":{"rendered":"Nemzeti Tud\u00f3sk\u00e9pz\u0151 Akad\u00e9mia: Ism\u00e9t Szegeden j\u00e1rtunk"},"content":{"rendered":"\n<p>M\u00e1rcius 29-31. k\u00f6z\u00f6tt rendezte meg Szegeden a&nbsp;<em>Nemzeti Tud\u00f3sk\u00e9pz\u0151 Akad\u00e9mia (NTA)&nbsp;<\/em>a&nbsp;<strong><a href=\"https:\/\/www.edu-sci.org\/hirek\/Sajtokozlemeny-Nobel-dijasok-es-tehetseges-diakok-XXVI-talalkozoja\" data-type=\"URL\" data-id=\"https:\/\/www.edu-sci.org\/hirek\/Sajtokozlemeny-Nobel-dijasok-es-tehetseges-diakok-XXVI-talalkozoja\" target=\"_blank\" rel=\"noreferrer noopener\">Nobel-d\u00edjasok \u00e9s tehets\u00e9ges di\u00e1kok XXVI. tal\u00e1lkoz\u00f3j\u00e1t<\/a><\/strong>.<\/p>\n\n\n\n<p>Az <a rel=\"noreferrer noopener\" href=\"https:\/\/summacum.lauder.hu\/index.php\/2025\/11\/27\/nemzeti-tudoskepzo-akademia-szegeden-jartunk\/\" data-type=\"URL\" data-id=\"https:\/\/summacum.lauder.hu\/index.php\/2025\/11\/27\/nemzeti-tudoskepzo-akademia-szegeden-jartunk\/\" target=\"_blank\">\u0151szi rendezv\u00e9nyhez<\/a> hasonl\u00f3an, a vas\u00e1rnapi nyit\u00f3napra a&nbsp;<em>Lauder Multiverzum Innov\u00e1ci\u00f3s T\u00e9r (MIT) Di\u00e1klabor&nbsp;<\/em>a napf\u00e9ny v\u00e1ros\u00e1ba k\u00f6lt\u00f6z\u00f6tt. Hat biol\u00f3gi\u00e1val foglalkoz\u00f3 \u00e1llom\u00e1son v\u00e1rtuk az&nbsp;<em>NTA aranydiploma-v\u00e1rom\u00e1nyosait<\/em>. Az \u00f6tven di\u00e1kot megmozgat\u00f3 \u00e9lm\u00e9nyprogramon bevet\u00e9sre ker\u00fcltek a VR-szem\u00fcvegek, a robotkarok, a 3D-s z-Space termin\u00e1lok, a t\u00e9m\u00e1hoz \u00e1talak\u00edtott Gravitrax goly\u00f3p\u00e1ly\u00e1k, a Lego-robotok \u00e9s a k\u00e9pzelet j\u00e1tsz\u00f3t\u00e9r k\u00e9k \u00e9p\u00edt\u0151elemei. \u00dajdons\u00e1g volt a <em>Curiscope <\/em>AR-p\u00f3l\u00f3 bemutat\u00e1sa \u00e9s az ehhez kapcsol\u00f3d\u00f3 p\u00f3l\u00f3tervez\u0151 \u00e1llom\u00e1s. A m\u0171helyfoglalkoz\u00e1s sikeres lebonyol\u00edt\u00e1s\u00e1ban&nbsp;<strong><em>Biljarszki D\u00e1niel<\/em><\/strong>,&nbsp;<strong><em>Koczka Benjamin<\/em><\/strong>,&nbsp;<strong><em>Pasztern\u00e1k Andr\u00e1s<\/em><\/strong>,&nbsp;<strong><em>Sz\u00e9kely Oliv\u00e9r&nbsp;<\/em><\/strong>\u00e9s&nbsp;<strong><em>Vajda Tibor&nbsp;<\/em><\/strong>m\u0171k\u00f6d\u00f6tt k\u00f6zre.<\/p>\n\n\n\n<p>M\u00e1snap a plen\u00e1ris el\u0151ad\u00e1sokra ker\u00fclt sor a\u00a0<em>Pick Ar\u00e9n\u00e1ban<\/em>. <strong><em>K\u00f6r\u00f6si Gertrud <\/em><\/strong>\u00e9s <strong><em>Pausch Piroska<\/em><\/strong> biol\u00f3giatan\u00e1raink vezet\u00e9s\u00e9vel az <a rel=\"noreferrer noopener\" href=\"https:\/\/summacum.lauder.hu\/index.php\/tag\/nta-nemzeti-tudoskepzo-akademia\/\" data-type=\"URL\" data-id=\"https:\/\/summacum.lauder.hu\/index.php\/tag\/nta-nemzeti-tudoskepzo-akademia\/\" target=\"_blank\"><em>NTA<\/em> <em>Budapest V.<\/em> <em>Ter\u00fcleti K\u00e9pz\u00e9si K\u00f6zpontunk<\/em> <em>(TKK)\u00a0<\/em> <\/a>46 di\u00e1kja (<em>Budai Ciszterci Szent Imre Gimn\u00e1zium, \u00c9rdi G\u00e1rdonyi G\u00e9za \u00c1ltal\u00e1nos Iskola \u00e9s Gimn\u00e1zium<\/em>,<em> K\u00fcrt Alternat\u00edv Gimn\u00e1zium, Lauder Javne Iskola, Proh\u00e1szka Ottok\u00e1r Katolikus Gimn\u00e1zium, Szent II. J\u00e1nos P\u00e1l \u00d3voda, \u00c1ltal\u00e1nos Iskola \u00e9s Gimn\u00e1zium<\/em>) csatlakozott az ar\u00e9n\u00e1t megt\u00f6lt\u0151 k\u00f6z\u00e9piskol\u00e1sokhoz, tan\u00e1rokhoz, egyetemi hallgat\u00f3khoz. K\u00eds\u00e9r\u0151k\u00e9nt vel\u00fcnk tartott <strong><em>Toldi Teod\u00f3ra<\/em><\/strong>, <strong><em>K\u00f6ll\u0151 Csilla<\/em><\/strong>, <strong><em>Szekeres Ildik\u00f3<\/em><\/strong>, <strong><em>Guba Zsuzsanna<\/em><\/strong> \u00e9s <strong><em>Rojk\u00f3 Enik\u0151 <\/em><\/strong>tan\u00e1rn\u0151, munk\u00e1jukat ez\u00faton is k\u00f6sz\u00f6nj\u00fck!<\/p>\n\n\n\n<figure class=\"wp-block-embed is-type-video is-provider-youtube wp-block-embed-youtube wp-embed-aspect-16-9 wp-has-aspect-ratio\"><div class=\"wp-block-embed__wrapper\">\n<iframe title=\"Summary video of the XXVI. Meeting of Nobel Laureates and talented students conference in Szeged\" width=\"640\" height=\"360\" src=\"https:\/\/www.youtube.com\/embed\/iE9CIkNjS24?feature=oembed\" frameborder=\"0\" allow=\"accelerometer; autoplay; clipboard-write; encrypted-media; gyroscope; picture-in-picture; web-share\" referrerpolicy=\"strict-origin-when-cross-origin\" allowfullscreen><\/iframe>\n<\/div><\/figure>\n\n\n\n<p>A k\u00f6sz\u00f6nt\u0151k ut\u00e1n <strong><em>Hegyi P\u00e9ter<\/em><\/strong>&nbsp;alap\u00edt\u00f3 mutatta be a jelenl\u00e9v\u0151knek a&nbsp;<em>Nemzeti Tud\u00f3sk\u00e9pz\u0151 Akad\u00e9mia<\/em>&nbsp;m\u0171k\u00f6d\u00e9s\u00e9t. A konferenci\u00e1n hallhattuk <strong><em>Randy Schekman<\/em>,&nbsp;<\/strong>Nobel-d\u00edjas sejtbiol\u00f3gus,&nbsp;<strong><em>Krausz Ferenc<\/em>,&nbsp;<\/strong>Nobel-d\u00edjas fizikus,&nbsp;<strong><em>Martin Morad<\/em>,&nbsp;<\/strong>a D\u00e9l-karolinai Orvostudom\u00e1nyi Egyetem regenerat\u00edv medicina \u00e9s sejtbiol\u00f3gia professzor\u00e1nak<strong>, <em>Francis Chan<\/em>,&nbsp;<\/strong>gasztroenterol\u00f3gus kutat\u00f3professzornak, a Hongkongi K\u00ednai Egyetem Orvostudom\u00e1nyi Kar\u00e1nak kor\u00e1bbi d\u00e9k\u00e1nj\u00e1nak<strong>, <em>Naomi Ellemers<\/em>,&nbsp;<\/strong>Spinoza-d\u00edjas pszichol\u00f3gus-kutat\u00f3nak, valamint<strong>&nbsp;<\/strong><em><strong>Kapu Tibor <\/strong><\/em>\u00e9s<strong> <em>Cser\u00e9nyi Gyula<\/em>,&nbsp;<\/strong>a <em>HUNOR \u0170rhaj\u00f3s Program<\/em> k\u00fcldet\u00e9sspecialista kutat\u00f3\u0171rhaj\u00f3s\u00e1nak \u00e9s tartal\u00e9k \u0171rhaj\u00f3sanak el\u0151ad\u00e1sait. <\/p>\n\n\n\n<p>A plen\u00e1ris nap ut\u00e1n a<em> Szegedi Nemzeti Sz\u00ednh\u00e1zban<\/em> ker\u00fclt sor a g\u00e1lam\u0171sorra, melyen<strong><em> Pasztern\u00e1k Andr\u00e1s<\/em><\/strong>, Szent-Gy\u00f6rgyi vezet\u0151 tan\u00e1r k\u00e9pviselte iskol\u00e1nkat. A g\u00e1lavacsor\u00e1t k\u00f6vet\u0151en a vezet\u0151 tan\u00e1rok is r\u00e9szt vettek az \u00e9jszakai k\u00f6tetlen tal\u00e1lkoz\u00f3n, m\u00e1snap szakmai tov\u00e1bbk\u00e9pz\u00e9s v\u00e1rta a pedag\u00f3gusokat. <\/p>\n\n\n\n<p><em>Ism\u00e9t felt\u00f6lt\u0151dt\u00fcnk Szegeden, k\u00f6sz\u00f6nj\u00fck a lehet\u0151s\u00e9get a Nemzeti Tud\u00f3sk\u00e9pz\u0151 Akad\u00e9mi\u00e1nak! <\/em><\/p>\n\n\n\n<hr class=\"wp-block-separator\"\/>\n\n\n\n<p><em>Di\u00e1klaborunkat a Selye J\u00e1nos Di\u00e1klaborh\u00e1l\u00f3zat ki\u00e9p\u00edt\u00e9se p\u00e1ly\u00e1zat nyertes projektj\u00e9nek k\u00f6sz\u00f6nhet\u0151en alak\u00edtottuk ki:<\/em><\/p>\n\n\n\n<p><em>A p\u00e1ly\u00e1zat k\u00f3dja: XIA-DI\u00c1KLABOR-23-01<\/em><\/p>\n\n\n\n<p><em>Kedvezm\u00e9nyezett: Vil\u00e1gi Zsid\u00f3 Iskola Alap\u00edtv\u00e1ny<\/em><\/p>\n\n\n\n<p><em>Megval\u00f3s\u00edt\u00e1si helysz\u00edn: Lauder Javne Zsid\u00f3 K\u00f6z\u00f6ss\u00e9gi \u00d3voda, \u00c1ltal\u00e1nos Iskola, Gimn\u00e1zium \u00e9s Zenei Alapfok\u00fa M\u0171v\u00e9szeti Iskola<\/em><\/p>\n\n\n\n<p><em>T\u00e1mogat\u00f3: Nemzeti Kutat\u00e1si, Fejleszt\u00e9si \u00e9s Innov\u00e1ci\u00f3s Hivatal, az NKFI Alapb\u00f3l megval\u00f3sul\u00f3 projekt, Nemzeti Innov\u00e1ci\u00f3s \u00dcgyn\u00f6ks\u00e9g Nonprofit Zrt.<\/em><\/p>\n","protected":false},"excerpt":{"rendered":"<p>M\u00e1rcius 29-31. k\u00f6z\u00f6tt rendezte meg Szegeden a&nbsp;Nemzeti Tud\u00f3sk\u00e9pz\u0151 Akad\u00e9mia (NTA)&nbsp;a&nbsp;Nobel-d\u00edjasok \u00e9s tehets\u00e9ges di\u00e1kok XXVI. tal\u00e1lkoz\u00f3j\u00e1t. Az \u0151szi rendezv\u00e9nyhez hasonl\u00f3an, a vas\u00e1rnapi nyit\u00f3napra a&nbsp;Lauder Multiverzum Innov\u00e1ci\u00f3s T\u00e9r (MIT) Di\u00e1klabor&nbsp;a napf\u00e9ny v\u00e1ros\u00e1ba k\u00f6lt\u00f6z\u00f6tt. Hat biol\u00f3gi\u00e1val foglalkoz\u00f3 \u00e1llom\u00e1son v\u00e1rtuk az&nbsp;NTA aranydiploma-v\u00e1rom\u00e1nyosait. Az \u00f6tven di\u00e1kot megmozgat\u00f3 \u00e9lm\u00e9nyprogramon bevet\u00e9sre ker\u00fcltek a VR-szem\u00fcvegek, a robotkarok, a 3D-s z-Space termin\u00e1lok, a t\u00e9m\u00e1hoz \u00e1talak\u00edtott Gravitrax goly\u00f3p\u00e1ly\u00e1k, a Lego-robotok \u00e9s a k\u00e9pzelet j\u00e1tsz\u00f3t\u00e9r k\u00e9k \u00e9p\u00edt\u0151elemei. \u00dajdons\u00e1g volt a Curiscope AR-p\u00f3l\u00f3 bemutat\u00e1sa \u00e9s az ehhez kapcsol\u00f3d\u00f3 p\u00f3l\u00f3tervez\u0151 \u00e1llom\u00e1s. A m\u0171helyfoglalkoz\u00e1s<\/p>\n","protected":false},"author":3,"featured_media":5005,"comment_status":"closed","ping_status":"open","sticky":false,"template":"","format":"standard","meta":[],"categories":[245,321,322,324,581],"tags":[30,641,363,620,582],"_links":{"self":[{"href":"https:\/\/summacum.lauder.hu\/index.php\/wp-json\/wp\/v2\/posts\/4972"}],"collection":[{"href":"https:\/\/summacum.lauder.hu\/index.php\/wp-json\/wp\/v2\/posts"}],"about":[{"href":"https:\/\/summacum.lauder.hu\/index.php\/wp-json\/wp\/v2\/types\/post"}],"author":[{"embeddable":true,"href":"https:\/\/summacum.lauder.hu\/index.php\/wp-json\/wp\/v2\/users\/3"}],"replies":[{"embeddable":true,"href":"https:\/\/summacum.lauder.hu\/index.php\/wp-json\/wp\/v2\/comments?post=4972"}],"version-history":[{"count":9,"href":"https:\/\/summacum.lauder.hu\/index.php\/wp-json\/wp\/v2\/posts\/4972\/revisions"}],"predecessor-version":[{"id":5016,"href":"https:\/\/summacum.lauder.hu\/index.php\/wp-json\/wp\/v2\/posts\/4972\/revisions\/5016"}],"wp:featuredmedia":[{"embeddable":true,"href":"https:\/\/summacum.lauder.hu\/index.php\/wp-json\/wp\/v2\/media\/5005"}],"wp:attachment":[{"href":"https:\/\/summacum.lauder.hu\/index.php\/wp-json\/wp\/v2\/media?parent=4972"}],"wp:term":[{"taxonomy":"category","embeddable":true,"href":"https:\/\/summacum.lauder.hu\/index.php\/wp-json\/wp\/v2\/categories?post=4972"},{"taxonomy":"post_tag","embeddable":true,"href":"https:\/\/summacum.lauder.hu\/index.php\/wp-json\/wp\/v2\/tags?post=4972"}],"curies":[{"name":"wp","href":"https:\/\/api.w.org\/{rel}","templated":true}]}}