{"id":4976,"date":"2026-04-04T21:02:00","date_gmt":"2026-04-04T21:02:00","guid":{"rendered":"https:\/\/summacum.lauder.hu\/?p=4976"},"modified":"2026-04-03T15:02:55","modified_gmt":"2026-04-03T15:02:55","slug":"multivator-91-tudomanyos-elmenynapon-a-nograd-varmegyei-szc-tancsics-mihaly-technikum-diakjai","status":"publish","type":"post","link":"https:\/\/summacum.lauder.hu\/index.php\/2026\/04\/04\/multivator-91-tudomanyos-elmenynapon-a-nograd-varmegyei-szc-tancsics-mihaly-technikum-diakjai\/","title":{"rendered":"Multiv\u00e1tor #91: Tudom\u00e1nyos \u00e9lm\u00e9nynapon a N\u00f3gr\u00e1d V\u00e1rmegyei SzC T\u00e1ncsics Mih\u00e1ly Technikum di\u00e1kjai"},"content":{"rendered":"\n<p>M\u00e1rcius 24-\u00e9n, kedden ism\u00e9t <strong>&#8220;Legyetek Ti is MULTIV\u00c1TOROK!&#8221; <\/strong>tudom\u00e1nyos \u00e9lm\u00e9nynapot tartottunk a <em>Di\u00e1klaborban<\/em>.  <strong><em>Kov\u00e1csn\u00e9 Danyi Szilvia<\/em><\/strong> tan\u00e1rn\u0151 harmadik alkalommal hozott el di\u00e1kokat a <em>N\u00f3gr\u00e1d V\u00e1rmegyei SzC T\u00e1ncsics Mih\u00e1ly Technikumb\u00f3l <\/em>hozz\u00e1nk. <\/p>\n\n\n\n<p>Az els\u0151 k\u00e9t s\u00e1vban <strong><em>Biljarszki D\u00e1niel<\/em><\/strong> VR-szem\u00fcveges \u00e9s <strong><em>Pasztern\u00e1k Andr\u00e1s <\/em><\/strong>kiterjesztett val\u00f3s\u00e1gos m\u0171helyfoglalkoz\u00e1sain vettek r\u00e9szt a fiatalok. Az el\u0151bbin a <em>Nemzetk\u00f6zi \u0170r\u00e1llom\u00e1ssal<\/em> \u00e9s a <em>Cada VR<\/em> anat\u00f3miai programmal ismerkedtek az \u00e9rdekl\u0151d\u0151k, az ut\u00f3bbin a <em>Curiscope<\/em> ismeretterjeszt\u0151 p\u00f3l\u00e1j\u00e1t felv\u00e9ve terveztek ruhadarabokat vend\u00e9geink. A laborban lehet\u0151s\u00e9g ny\u00edlt a 3D-s z-Space termin\u00e1lok kipr\u00f3b\u00e1l\u00e1s\u00e1ra is. <\/p>\n\n\n\n<p>A harmadik \u00f3r\u00e1ban a <em><a href=\"https:\/\/summacum.lauder.hu\/index.php\/csillagvizsgalo\/\" data-type=\"URL\" data-id=\"https:\/\/summacum.lauder.hu\/index.php\/csillagvizsgalo\/\" target=\"_blank\" rel=\"noreferrer noopener\">KETER csillagvizsg\u00e1l\u00f3t<\/a><\/em> kerest\u00fck fel az iskola tetej\u00e9n, ahol <strong><em>Hor\u00e1nyi G\u00e1bor<\/em><\/strong> tan\u00e1r \u00far koordin\u00e1lta a megfigyel\u00e9st. <\/p>\n\n\n\n<p>Z\u00e1r\u00e1sk\u00e9nt \u00e1tadtuk a MULTIV\u00c1TOR-okleveleket, mindenki v\u00e1lasztahatott egy-egy m\u00f3k\u00e1s, tudom\u00e1nyos matric\u00e1t. <\/p>\n\n\n\n<p class=\"has-text-align-right\"><em>K\u00f6sz\u00f6nj\u00fck a k\u00f6z\u00f6s tanul\u00e1st!<\/em><\/p>\n\n\n\n<hr class=\"wp-block-separator\"\/>\n\n\n\n<p><em>Di\u00e1klaborunkat a Selye J\u00e1nos Di\u00e1klaborh\u00e1l\u00f3zat ki\u00e9p\u00edt\u00e9se p\u00e1ly\u00e1zat nyertes projektj\u00e9nek k\u00f6sz\u00f6nhet\u0151en alak\u00edtottuk ki:<\/em><\/p>\n\n\n\n<p><em>A p\u00e1ly\u00e1zat k\u00f3dja: XIA-DI\u00c1KLABOR-23-01<\/em><\/p>\n\n\n\n<p><em>Kedvezm\u00e9nyezett: Vil\u00e1gi Zsid\u00f3 Iskola Alap\u00edtv\u00e1ny<\/em><\/p>\n\n\n\n<p><em>Megval\u00f3s\u00edt\u00e1si helysz\u00edn: Lauder Javne Zsid\u00f3 K\u00f6z\u00f6ss\u00e9gi \u00d3voda, \u00c1ltal\u00e1nos Iskola, Gimn\u00e1zium \u00e9s Zenei Alapfok\u00fa M\u0171v\u00e9szeti Iskola<\/em><\/p>\n\n\n\n<p><em>T\u00e1mogat\u00f3: Nemzeti Kutat\u00e1si, Fejleszt\u00e9si \u00e9s Innov\u00e1ci\u00f3s Hivatal, az NKFI Alapb\u00f3l megval\u00f3sul\u00f3 projekt, Nemzeti Innov\u00e1ci\u00f3s \u00dcgyn\u00f6ks\u00e9g Nonprofit Zrt.<\/em><\/p>\n","protected":false},"excerpt":{"rendered":"<p>M\u00e1rcius 24-\u00e9n, kedden ism\u00e9t &#8220;Legyetek Ti is MULTIV\u00c1TOROK!&#8221; tudom\u00e1nyos \u00e9lm\u00e9nynapot tartottunk a Di\u00e1klaborban. Kov\u00e1csn\u00e9 Danyi Szilvia tan\u00e1rn\u0151 harmadik alkalommal hozott el di\u00e1kokat a N\u00f3gr\u00e1d V\u00e1rmegyei SzC T\u00e1ncsics Mih\u00e1ly Technikumb\u00f3l hozz\u00e1nk. Az els\u0151 k\u00e9t s\u00e1vban Biljarszki D\u00e1niel VR-szem\u00fcveges \u00e9s Pasztern\u00e1k Andr\u00e1s kiterjesztett val\u00f3s\u00e1gos m\u0171helyfoglalkoz\u00e1sain vettek r\u00e9szt a fiatalok. Az el\u0151bbin a Nemzetk\u00f6zi \u0170r\u00e1llom\u00e1ssal \u00e9s a Cada VR anat\u00f3miai programmal ismerkedtek az \u00e9rdekl\u0151d\u0151k, az ut\u00f3bbin a Curiscope ismeretterjeszt\u0151 p\u00f3l\u00e1j\u00e1t felv\u00e9ve terveztek ruhadarabokat vend\u00e9geink. A laborban lehet\u0151s\u00e9g ny\u00edlt a 3D-s z-Space termin\u00e1lok kipr\u00f3b\u00e1l\u00e1s\u00e1ra<\/p>\n","protected":false},"author":3,"featured_media":4993,"comment_status":"closed","ping_status":"open","sticky":false,"template":"","format":"standard","meta":[],"categories":[245,321,322,324,341],"tags":[30,92,445,448,363,342,24,487,223],"_links":{"self":[{"href":"https:\/\/summacum.lauder.hu\/index.php\/wp-json\/wp\/v2\/posts\/4976"}],"collection":[{"href":"https:\/\/summacum.lauder.hu\/index.php\/wp-json\/wp\/v2\/posts"}],"about":[{"href":"https:\/\/summacum.lauder.hu\/index.php\/wp-json\/wp\/v2\/types\/post"}],"author":[{"embeddable":true,"href":"https:\/\/summacum.lauder.hu\/index.php\/wp-json\/wp\/v2\/users\/3"}],"replies":[{"embeddable":true,"href":"https:\/\/summacum.lauder.hu\/index.php\/wp-json\/wp\/v2\/comments?post=4976"}],"version-history":[{"count":5,"href":"https:\/\/summacum.lauder.hu\/index.php\/wp-json\/wp\/v2\/posts\/4976\/revisions"}],"predecessor-version":[{"id":4997,"href":"https:\/\/summacum.lauder.hu\/index.php\/wp-json\/wp\/v2\/posts\/4976\/revisions\/4997"}],"wp:featuredmedia":[{"embeddable":true,"href":"https:\/\/summacum.lauder.hu\/index.php\/wp-json\/wp\/v2\/media\/4993"}],"wp:attachment":[{"href":"https:\/\/summacum.lauder.hu\/index.php\/wp-json\/wp\/v2\/media?parent=4976"}],"wp:term":[{"taxonomy":"category","embeddable":true,"href":"https:\/\/summacum.lauder.hu\/index.php\/wp-json\/wp\/v2\/categories?post=4976"},{"taxonomy":"post_tag","embeddable":true,"href":"https:\/\/summacum.lauder.hu\/index.php\/wp-json\/wp\/v2\/tags?post=4976"}],"curies":[{"name":"wp","href":"https:\/\/api.w.org\/{rel}","templated":true}]}}