{"id":4978,"date":"2026-04-04T20:24:00","date_gmt":"2026-04-04T20:24:00","guid":{"rendered":"https:\/\/summacum.lauder.hu\/?p=4978"},"modified":"2026-04-03T15:24:42","modified_gmt":"2026-04-03T15:24:42","slug":"multivator-92-noe-barkajatol-a-3d-nyomtatasig-a-bet-menachem-heber-magyar-ket-tanitasi-nyelvu-altalanos-iskola-alsosai-jartak-nalunk","status":"publish","type":"post","link":"https:\/\/summacum.lauder.hu\/index.php\/2026\/04\/04\/multivator-92-noe-barkajatol-a-3d-nyomtatasig-a-bet-menachem-heber-magyar-ket-tanitasi-nyelvu-altalanos-iskola-alsosai-jartak-nalunk\/","title":{"rendered":"Multiv\u00e1tor #92: No\u00e9 b\u00e1rk\u00e1j\u00e1t\u00f3l a 3D-nyomtat\u00e1sig &#8211; a B\u00e9t Menachem H\u00e9ber-Magyar K\u00e9t Tan\u00edt\u00e1si Nyelv\u0171 \u00c1ltal\u00e1nos Iskola als\u00f3sai j\u00e1rtak n\u00e1lunk"},"content":{"rendered":"\n<p>M\u00e1rcius 26-\u00e1n a <em>B\u00e9t\u00a0Menachem H\u00e9ber-Magyar K\u00e9t Tan\u00edt\u00e1si Nyelv\u0171 \u00c1ltal\u00e1nos Iskola <\/em>els\u0151sei, m\u00e1sodikosai, harmadikosai \u00e9s negyedikesei \u00e9rkeztek hozz\u00e1nk, hogy r\u00e9szt vegyenek a<strong> &#8220;Legyetek Ti is MULTIV\u00c1TOROK!&#8221;<\/strong> tudom\u00e1nyos \u00e9lm\u00e9nynap koroszt\u00e1lyra szabott v\u00e1ltozat\u00e1n. A csapat l\u00e1togat\u00e1s\u00e1t <strong><em>Siany-Kraus D\u00f3ra<\/em><\/strong> tan\u00e1rn\u0151 szervezte. <\/p>\n\n\n\n<p>A csoport egyik fele munkat\u00e1rsunkkal, <strong><em>Biljarszki D\u00e1niellel<\/em><\/strong> No\u00e9 b\u00e1rk\u00e1j\u00e1t \u00e9p\u00edtette fel a <em>k\u00e9pzelet j\u00e1tsz\u00f3t\u00e9r<\/em> k\u00e9k elemeit felhaszn\u00e1lva, a t\u00f6bbiek ezalatt Izraelhez \u00e9s a zsid\u00f3 \u00fcnnepekhez kapcsol\u00f3d\u00f3 goly\u00f3p\u00e1ly\u00e1t \u00e9p\u00edtettek szakmai vezet\u0151nk, <strong><em>Pasztern\u00e1k Andr\u00e1s<\/em><\/strong> ir\u00e1ny\u00edt\u00e1s\u00e1val a szomsz\u00e9d teremben. F\u00e9lid\u0151ben cser\u00e9lt a k\u00e9t csoport, a tudom\u00e1nyos k\u00fcldet\u00e9sek teljes\u00edt\u00e9se sor\u00e1n jutott id\u0151 a 3D-nyomtat\u00f3k \u00e9s a 3D-s <em>z-Space<\/em> termin\u00e1lok megismer\u00e9s\u00e9re is. <\/p>\n\n\n\n<p>Eb\u00e9d ut\u00e1n az emberi testtel kapcsolatos ismereteket b\u0151v\u00edtett\u00fck egy csontv\u00e1z  j\u00e1t\u00e9kos \u00f6sszerak\u00e1s\u00e1val. <\/p>\n\n\n\n<p class=\"has-text-align-right\"><em>K\u00f6sz\u00f6nj\u00fck a k\u00f6z\u00f6s tanul\u00e1st! <\/em><\/p>\n\n\n\n<hr class=\"wp-block-separator\"\/>\n\n\n\n<p><em>Di\u00e1klaborunkat a Selye J\u00e1nos Di\u00e1klaborh\u00e1l\u00f3zat ki\u00e9p\u00edt\u00e9se p\u00e1ly\u00e1zat nyertes projektj\u00e9nek k\u00f6sz\u00f6nhet\u0151en alak\u00edtottuk ki:<\/em><\/p>\n\n\n\n<p><em>A p\u00e1ly\u00e1zat k\u00f3dja: XIA-DI\u00c1KLABOR-23-01<\/em><\/p>\n\n\n\n<p><em>Kedvezm\u00e9nyezett: Vil\u00e1gi Zsid\u00f3 Iskola Alap\u00edtv\u00e1ny<\/em><\/p>\n\n\n\n<p><em>Megval\u00f3s\u00edt\u00e1si helysz\u00edn: Lauder Javne Zsid\u00f3 K\u00f6z\u00f6ss\u00e9gi \u00d3voda, \u00c1ltal\u00e1nos Iskola, Gimn\u00e1zium \u00e9s Zenei Alapfok\u00fa M\u0171v\u00e9szeti Iskola<\/em><\/p>\n\n\n\n<p><em>T\u00e1mogat\u00f3: Nemzeti Kutat\u00e1si, Fejleszt\u00e9si \u00e9s Innov\u00e1ci\u00f3s Hivatal, az NKFI Alapb\u00f3l megval\u00f3sul\u00f3 projekt, Nemzeti Innov\u00e1ci\u00f3s \u00dcgyn\u00f6ks\u00e9g Nonprofit Zrt.<\/em><\/p>\n","protected":false},"excerpt":{"rendered":"<p>M\u00e1rcius 26-\u00e1n a B\u00e9t\u00a0Menachem H\u00e9ber-Magyar K\u00e9t Tan\u00edt\u00e1si Nyelv\u0171 \u00c1ltal\u00e1nos Iskola els\u0151sei, m\u00e1sodikosai, harmadikosai \u00e9s negyedikesei \u00e9rkeztek hozz\u00e1nk, hogy r\u00e9szt vegyenek a &#8220;Legyetek Ti is MULTIV\u00c1TOROK!&#8221; tudom\u00e1nyos \u00e9lm\u00e9nynap koroszt\u00e1lyra szabott v\u00e1ltozat\u00e1n. A csapat l\u00e1togat\u00e1s\u00e1t Siany-Kraus D\u00f3ra tan\u00e1rn\u0151 szervezte. A csoport egyik fele munkat\u00e1rsunkkal, Biljarszki D\u00e1niellel No\u00e9 b\u00e1rk\u00e1j\u00e1t \u00e9p\u00edtette fel a k\u00e9pzelet j\u00e1tsz\u00f3t\u00e9r k\u00e9k elemeit felhaszn\u00e1lva, a t\u00f6bbiek ezalatt Izraelhez \u00e9s a zsid\u00f3 \u00fcnnepekhez kapcsol\u00f3d\u00f3 goly\u00f3p\u00e1ly\u00e1t \u00e9p\u00edtettek szakmai vezet\u0151nk, Pasztern\u00e1k Andr\u00e1s ir\u00e1ny\u00edt\u00e1s\u00e1val a szomsz\u00e9d teremben. F\u00e9lid\u0151ben cser\u00e9lt a k\u00e9t csoport, a tudom\u00e1nyos<\/p>\n","protected":false},"author":3,"featured_media":4998,"comment_status":"closed","ping_status":"open","sticky":false,"template":"","format":"standard","meta":[],"categories":[245,321,322,324,341],"tags":[486,30,397,363,342,223],"_links":{"self":[{"href":"https:\/\/summacum.lauder.hu\/index.php\/wp-json\/wp\/v2\/posts\/4978"}],"collection":[{"href":"https:\/\/summacum.lauder.hu\/index.php\/wp-json\/wp\/v2\/posts"}],"about":[{"href":"https:\/\/summacum.lauder.hu\/index.php\/wp-json\/wp\/v2\/types\/post"}],"author":[{"embeddable":true,"href":"https:\/\/summacum.lauder.hu\/index.php\/wp-json\/wp\/v2\/users\/3"}],"replies":[{"embeddable":true,"href":"https:\/\/summacum.lauder.hu\/index.php\/wp-json\/wp\/v2\/comments?post=4978"}],"version-history":[{"count":3,"href":"https:\/\/summacum.lauder.hu\/index.php\/wp-json\/wp\/v2\/posts\/4978\/revisions"}],"predecessor-version":[{"id":5000,"href":"https:\/\/summacum.lauder.hu\/index.php\/wp-json\/wp\/v2\/posts\/4978\/revisions\/5000"}],"wp:featuredmedia":[{"embeddable":true,"href":"https:\/\/summacum.lauder.hu\/index.php\/wp-json\/wp\/v2\/media\/4998"}],"wp:attachment":[{"href":"https:\/\/summacum.lauder.hu\/index.php\/wp-json\/wp\/v2\/media?parent=4978"}],"wp:term":[{"taxonomy":"category","embeddable":true,"href":"https:\/\/summacum.lauder.hu\/index.php\/wp-json\/wp\/v2\/categories?post=4978"},{"taxonomy":"post_tag","embeddable":true,"href":"https:\/\/summacum.lauder.hu\/index.php\/wp-json\/wp\/v2\/tags?post=4978"}],"curies":[{"name":"wp","href":"https:\/\/api.w.org\/{rel}","templated":true}]}}