{"id":4980,"date":"2026-04-04T19:24:00","date_gmt":"2026-04-04T19:24:00","guid":{"rendered":"https:\/\/summacum.lauder.hu\/?p=4980"},"modified":"2026-04-03T13:25:54","modified_gmt":"2026-04-03T13:25:54","slug":"nemzeti-tudoskepzo-akademia-pulykaszivet-boncoltunk-az-apaczaiban","status":"publish","type":"post","link":"https:\/\/summacum.lauder.hu\/index.php\/2026\/04\/04\/nemzeti-tudoskepzo-akademia-pulykaszivet-boncoltunk-az-apaczaiban\/","title":{"rendered":"Nemzeti Tud\u00f3sk\u00e9pz\u0151 Akad\u00e9mia: Pulykasz\u00edvet boncoltunk az Ap\u00e1czaiban"},"content":{"rendered":"\n<p>M\u00e1rcius 26-\u00e1n folytat\u00f3dott a <em><a rel=\"noreferrer noopener\" href=\"https:\/\/www.edu-sci.org\/\" data-type=\"URL\" data-id=\"https:\/\/www.edu-sci.org\/\" target=\"_blank\">Nemzeti Tud\u00f3sk\u00e9pz\u0151 Akad\u00e9mia<\/a><\/em> budapesti <em>Ter\u00fcleti K\u00e9pz\u00e9si K\u00f6zpontjainak<\/em> egy\u00fcttm\u0171k\u00f6d\u00e9se. Di\u00e1kjaink az <em>ELTE Ap\u00e1czai Csere J\u00e1nos Gyakorl\u00f3gimn\u00e1zium\u00e1ban <\/em>pulykasz\u00edvet boncoltak. <\/p>\n\n\n\n<p><em>K\u00f6sz\u00f6net a lehet\u0151s\u00e9g\u00e9rt\u00a0<strong>Bakonyi Judit<\/strong>\u00a0\u00e9s\u00a0<strong>Cz\u00e9dul\u00e1s Katalin\u00a0<\/strong>biol\u00f3giatan\u00e1rok!<\/em><\/p>\n\n\n\n<hr class=\"wp-block-separator\"\/>\n\n\n\n<p><em>Di\u00e1klaborunkat a Selye J\u00e1nos Di\u00e1klaborh\u00e1l\u00f3zat ki\u00e9p\u00edt\u00e9se p\u00e1ly\u00e1zat nyertes projektj\u00e9nek k\u00f6sz\u00f6nhet\u0151en alak\u00edtottuk ki:<\/em><\/p>\n\n\n\n<p><em>A p\u00e1ly\u00e1zat k\u00f3dja: XIA-DI\u00c1KLABOR-23-01<\/em><\/p>\n\n\n\n<p><em>Kedvezm\u00e9nyezett: Vil\u00e1gi Zsid\u00f3 Iskola Alap\u00edtv\u00e1ny<\/em><\/p>\n\n\n\n<p><em>Megval\u00f3s\u00edt\u00e1si helysz\u00edn: Lauder Javne Zsid\u00f3 K\u00f6z\u00f6ss\u00e9gi \u00d3voda, \u00c1ltal\u00e1nos Iskola, Gimn\u00e1zium \u00e9s Zenei Alapfok\u00fa M\u0171v\u00e9szeti Iskola<\/em><\/p>\n\n\n\n<p><em>T\u00e1mogat\u00f3: Nemzeti Kutat\u00e1si, Fejleszt\u00e9si \u00e9s Innov\u00e1ci\u00f3s Hivatal, az NKFI Alapb\u00f3l megval\u00f3sul\u00f3 projekt, Nemzeti Innov\u00e1ci\u00f3s \u00dcgyn\u00f6ks\u00e9g Nonprofit Zrt.<\/em><\/p>\n","protected":false},"excerpt":{"rendered":"<p>M\u00e1rcius 26-\u00e1n folytat\u00f3dott a Nemzeti Tud\u00f3sk\u00e9pz\u0151 Akad\u00e9mia budapesti Ter\u00fcleti K\u00e9pz\u00e9si K\u00f6zpontjainak egy\u00fcttm\u0171k\u00f6d\u00e9se. Di\u00e1kjaink az ELTE Ap\u00e1czai Csere J\u00e1nos Gyakorl\u00f3gimn\u00e1zium\u00e1ban pulykasz\u00edvet boncoltak. K\u00f6sz\u00f6net a lehet\u0151s\u00e9g\u00e9rt\u00a0Bakonyi Judit\u00a0\u00e9s\u00a0Cz\u00e9dul\u00e1s Katalin\u00a0biol\u00f3giatan\u00e1rok! Di\u00e1klaborunkat a Selye J\u00e1nos Di\u00e1klaborh\u00e1l\u00f3zat ki\u00e9p\u00edt\u00e9se p\u00e1ly\u00e1zat nyertes projektj\u00e9nek k\u00f6sz\u00f6nhet\u0151en alak\u00edtottuk ki: A p\u00e1ly\u00e1zat k\u00f3dja: XIA-DI\u00c1KLABOR-23-01 Kedvezm\u00e9nyezett: Vil\u00e1gi Zsid\u00f3 Iskola Alap\u00edtv\u00e1ny Megval\u00f3s\u00edt\u00e1si helysz\u00edn: Lauder Javne Zsid\u00f3 K\u00f6z\u00f6ss\u00e9gi \u00d3voda, \u00c1ltal\u00e1nos Iskola, Gimn\u00e1zium \u00e9s Zenei Alapfok\u00fa M\u0171v\u00e9szeti Iskola T\u00e1mogat\u00f3: Nemzeti Kutat\u00e1si, Fejleszt\u00e9si \u00e9s Innov\u00e1ci\u00f3s Hivatal, az NKFI Alapb\u00f3l megval\u00f3sul\u00f3 projekt, Nemzeti Innov\u00e1ci\u00f3s \u00dcgyn\u00f6ks\u00e9g Nonprofit Zrt.<\/p>\n","protected":false},"author":3,"featured_media":4982,"comment_status":"closed","ping_status":"open","sticky":false,"template":"","format":"standard","meta":[],"categories":[245,321,322,324,581],"tags":[630,30,601,363,582],"_links":{"self":[{"href":"https:\/\/summacum.lauder.hu\/index.php\/wp-json\/wp\/v2\/posts\/4980"}],"collection":[{"href":"https:\/\/summacum.lauder.hu\/index.php\/wp-json\/wp\/v2\/posts"}],"about":[{"href":"https:\/\/summacum.lauder.hu\/index.php\/wp-json\/wp\/v2\/types\/post"}],"author":[{"embeddable":true,"href":"https:\/\/summacum.lauder.hu\/index.php\/wp-json\/wp\/v2\/users\/3"}],"replies":[{"embeddable":true,"href":"https:\/\/summacum.lauder.hu\/index.php\/wp-json\/wp\/v2\/comments?post=4980"}],"version-history":[{"count":2,"href":"https:\/\/summacum.lauder.hu\/index.php\/wp-json\/wp\/v2\/posts\/4980\/revisions"}],"predecessor-version":[{"id":4983,"href":"https:\/\/summacum.lauder.hu\/index.php\/wp-json\/wp\/v2\/posts\/4980\/revisions\/4983"}],"wp:featuredmedia":[{"embeddable":true,"href":"https:\/\/summacum.lauder.hu\/index.php\/wp-json\/wp\/v2\/media\/4982"}],"wp:attachment":[{"href":"https:\/\/summacum.lauder.hu\/index.php\/wp-json\/wp\/v2\/media?parent=4980"}],"wp:term":[{"taxonomy":"category","embeddable":true,"href":"https:\/\/summacum.lauder.hu\/index.php\/wp-json\/wp\/v2\/categories?post=4980"},{"taxonomy":"post_tag","embeddable":true,"href":"https:\/\/summacum.lauder.hu\/index.php\/wp-json\/wp\/v2\/tags?post=4980"}],"curies":[{"name":"wp","href":"https:\/\/api.w.org\/{rel}","templated":true}]}}