{"id":5001,"date":"2026-04-04T20:35:00","date_gmt":"2026-04-04T20:35:00","guid":{"rendered":"https:\/\/summacum.lauder.hu\/?p=5001"},"modified":"2026-04-03T15:36:34","modified_gmt":"2026-04-03T15:36:34","slug":"az-alternativ-pedagogiak-tovabbkepzes-resztvevoinek-latogatasa-a-diaklaborban-2","status":"publish","type":"post","link":"https:\/\/summacum.lauder.hu\/index.php\/2026\/04\/04\/az-alternativ-pedagogiak-tovabbkepzes-resztvevoinek-latogatasa-a-diaklaborban-2\/","title":{"rendered":"Az Alternat\u00edv pedag\u00f3gi\u00e1k tov\u00e1bbk\u00e9pz\u00e9s r\u00e9sztvev\u0151inek l\u00e1togat\u00e1sa a Di\u00e1klaborban"},"content":{"rendered":"\n<p>A hagyom\u00e1nyokat k\u00f6vetve id\u00e9n is j\u00e1rtak n\u00e1lunk az alternat\u00edv pedag\u00f3giai m\u00f3dszerekkel ismerked\u0151 tan\u00e1rok a <em>Di\u00e1klaborban<\/em>. A <em>Szabad Iskol\u00e1k\u00e9rt Alap\u00edtv\u00e1ny<\/em>\u00a0akkredit\u00e1lt\u00a0<strong><a rel=\"noreferrer noopener\" href=\"https:\/\/www.kooperativ.hu\/node\/142\" target=\"_blank\">Alternat\u00edv pedag\u00f3gi\u00e1k<\/a><\/strong>\u00a0tov\u00e1bbk\u00e9pz\u00e9s\u00e9nek r\u00e9sztvev\u0151i m\u00e1rcius 25-\u00e9n \u00e9s 26-\u00e1n kerestek fel benn\u00fcnket <strong><em>Sz\u0151ll\u0151s Kata<\/em><\/strong> \u00e9s <strong><em>M\u00e1rton Andr\u00e1s<\/em><\/strong> vezet\u00e9s\u00e9vel. <\/p>\n\n\n\n<p>Vend\u00e9geink <strong><em>Koczka Benjamint\u00f3l <\/em><\/strong>\u00e9s <strong><em>Pasztern\u00e1k Andr\u00e1st\u00f3l<\/em><\/strong> hallhattak oktat\u00e1si programunkr\u00f3l, a k\u00fcl\u00f6nb\u00f6z\u0151 koroszt\u00e1lyoknak sz\u00f3l\u00f3 m\u0171helyfoglalkoz\u00e1sokr\u00f3l. L\u00e1togat\u00f3ink n\u00e9h\u00e1ny interakt\u00edv eszk\u00f6zt is kipr\u00f3b\u00e1lhattak. <\/p>\n\n\n\n<hr class=\"wp-block-separator\"\/>\n\n\n\n<p><em>Di\u00e1klaborunkat a Selye J\u00e1nos Di\u00e1klaborh\u00e1l\u00f3zat ki\u00e9p\u00edt\u00e9se p\u00e1ly\u00e1zat nyertes projektj\u00e9nek k\u00f6sz\u00f6nhet\u0151en alak\u00edtottuk ki:<\/em><\/p>\n\n\n\n<p><em>A p\u00e1ly\u00e1zat k\u00f3dja: XIA-DI\u00c1KLABOR-23-01<\/em><\/p>\n\n\n\n<p><em>Kedvezm\u00e9nyezett: Vil\u00e1gi Zsid\u00f3 Iskola Alap\u00edtv\u00e1ny<\/em><\/p>\n\n\n\n<p><em>Megval\u00f3s\u00edt\u00e1si helysz\u00edn: Lauder Javne Zsid\u00f3 K\u00f6z\u00f6ss\u00e9gi \u00d3voda, \u00c1ltal\u00e1nos Iskola, Gimn\u00e1zium \u00e9s Zenei Alapfok\u00fa M\u0171v\u00e9szeti Iskola<\/em><\/p>\n\n\n\n<p><em>T\u00e1mogat\u00f3: Nemzeti Kutat\u00e1si, Fejleszt\u00e9si \u00e9s Innov\u00e1ci\u00f3s Hivatal, az NKFI Alapb\u00f3l megval\u00f3sul\u00f3 projekt, Nemzeti Innov\u00e1ci\u00f3s \u00dcgyn\u00f6ks\u00e9g Nonprofit Zrt.<\/em><\/p>\n","protected":false},"excerpt":{"rendered":"<p>A hagyom\u00e1nyokat k\u00f6vetve id\u00e9n is j\u00e1rtak n\u00e1lunk az alternat\u00edv pedag\u00f3giai m\u00f3dszerekkel ismerked\u0151 tan\u00e1rok a Di\u00e1klaborban. A Szabad Iskol\u00e1k\u00e9rt Alap\u00edtv\u00e1ny\u00a0akkredit\u00e1lt\u00a0Alternat\u00edv pedag\u00f3gi\u00e1k\u00a0tov\u00e1bbk\u00e9pz\u00e9s\u00e9nek r\u00e9sztvev\u0151i m\u00e1rcius 25-\u00e9n \u00e9s 26-\u00e1n kerestek fel benn\u00fcnket Sz\u0151ll\u0151s Kata \u00e9s M\u00e1rton Andr\u00e1s vezet\u00e9s\u00e9vel. Vend\u00e9geink Koczka Benjamint\u00f3l \u00e9s Pasztern\u00e1k Andr\u00e1st\u00f3l hallhattak oktat\u00e1si programunkr\u00f3l, a k\u00fcl\u00f6nb\u00f6z\u0151 koroszt\u00e1lyoknak sz\u00f3l\u00f3 m\u0171helyfoglalkoz\u00e1sokr\u00f3l. L\u00e1togat\u00f3ink n\u00e9h\u00e1ny interakt\u00edv eszk\u00f6zt is kipr\u00f3b\u00e1lhattak. Di\u00e1klaborunkat a Selye J\u00e1nos Di\u00e1klaborh\u00e1l\u00f3zat ki\u00e9p\u00edt\u00e9se p\u00e1ly\u00e1zat nyertes projektj\u00e9nek k\u00f6sz\u00f6nhet\u0151en alak\u00edtottuk ki: A p\u00e1ly\u00e1zat k\u00f3dja: XIA-DI\u00c1KLABOR-23-01 Kedvezm\u00e9nyezett: Vil\u00e1gi Zsid\u00f3 Iskola Alap\u00edtv\u00e1ny Megval\u00f3s\u00edt\u00e1si helysz\u00edn: Lauder Javne Zsid\u00f3<\/p>\n","protected":false},"author":3,"featured_media":5002,"comment_status":"closed","ping_status":"open","sticky":false,"template":"","format":"standard","meta":[],"categories":[245,321,322,324],"tags":[423,363,76,424],"_links":{"self":[{"href":"https:\/\/summacum.lauder.hu\/index.php\/wp-json\/wp\/v2\/posts\/5001"}],"collection":[{"href":"https:\/\/summacum.lauder.hu\/index.php\/wp-json\/wp\/v2\/posts"}],"about":[{"href":"https:\/\/summacum.lauder.hu\/index.php\/wp-json\/wp\/v2\/types\/post"}],"author":[{"embeddable":true,"href":"https:\/\/summacum.lauder.hu\/index.php\/wp-json\/wp\/v2\/users\/3"}],"replies":[{"embeddable":true,"href":"https:\/\/summacum.lauder.hu\/index.php\/wp-json\/wp\/v2\/comments?post=5001"}],"version-history":[{"count":2,"href":"https:\/\/summacum.lauder.hu\/index.php\/wp-json\/wp\/v2\/posts\/5001\/revisions"}],"predecessor-version":[{"id":5004,"href":"https:\/\/summacum.lauder.hu\/index.php\/wp-json\/wp\/v2\/posts\/5001\/revisions\/5004"}],"wp:featuredmedia":[{"embeddable":true,"href":"https:\/\/summacum.lauder.hu\/index.php\/wp-json\/wp\/v2\/media\/5002"}],"wp:attachment":[{"href":"https:\/\/summacum.lauder.hu\/index.php\/wp-json\/wp\/v2\/media?parent=5001"}],"wp:term":[{"taxonomy":"category","embeddable":true,"href":"https:\/\/summacum.lauder.hu\/index.php\/wp-json\/wp\/v2\/categories?post=5001"},{"taxonomy":"post_tag","embeddable":true,"href":"https:\/\/summacum.lauder.hu\/index.php\/wp-json\/wp\/v2\/tags?post=5001"}],"curies":[{"name":"wp","href":"https:\/\/api.w.org\/{rel}","templated":true}]}}