{"id":5070,"date":"2026-04-29T12:22:39","date_gmt":"2026-04-29T12:22:39","guid":{"rendered":"https:\/\/summacum.lauder.hu\/?p=5070"},"modified":"2026-04-29T12:22:40","modified_gmt":"2026-04-29T12:22:40","slug":"mit-junior-08-az-emberi-test-rejtelmeivel-ismerkedett-a-levendula-osztaly","status":"publish","type":"post","link":"https:\/\/summacum.lauder.hu\/index.php\/2026\/04\/29\/mit-junior-08-az-emberi-test-rejtelmeivel-ismerkedett-a-levendula-osztaly\/","title":{"rendered":"MIT junior #08 &#8211; Az emberi test rejtelmeivel ismerkedett a Levendula oszt\u00e1ly"},"content":{"rendered":"\n<p>\u00c1prilis 24-\u00e9n <strong><em>M\u00e1rtha \u00c9va<\/em><\/strong> v\u00e9d\u0151n\u0151 vezet\u00e9s\u00e9vel a <strong>Levendula oszt\u00e1lyba<\/strong> j\u00e1r\u00f3 l\u00e1nyok \u00e9rkeztek a <em>Di\u00e1klaborba<\/em>, hogy a hagyom\u00e1nyos \u00e9s modern szeml\u00e9ltet\u0151eszk\u00f6z\u00f6k seg\u00edts\u00e9g\u00e9vel ismerkedjenek az emberi testtel. <\/p>\n\n\n\n<p>Az interakt\u00edv bemutat\u00f3 sor\u00e1n &#8211; melynek lebonyol\u00edt\u00e1s\u00e1ban <strong><em>Pasztern\u00e1k Andr\u00e1s<\/em><\/strong> m\u0171k\u00f6d\u00f6tt k\u00f6zre &#8211; a negyedikesek sz\u00e1mos k\u00e9rd\u00e9se ker\u00fclt megv\u00e1laszol\u00e1sra. <\/p>\n\n\n\n<p>Az eszk\u00f6z\u00f6k egy r\u00e9sze a<em> <a href=\"https:\/\/www.edu-sci.org\/\" data-type=\"URL\" data-id=\"https:\/\/www.edu-sci.org\/\" target=\"_blank\" rel=\"noreferrer noopener\">Nemzeti Tud\u00f3sk\u00e9pz\u0151 Akad\u00e9mia<\/a><\/em> j\u00f3volt\u00e1b\u00f3l ker\u00fclt beszerz\u00e9sre, m\u00e1sik r\u00e9sz\u00fck a <em><a href=\"https:\/\/www.csopa.hu\/\" data-type=\"URL\" data-id=\"https:\/\/www.csopa.hu\/\" target=\"_blank\" rel=\"noreferrer noopener\">Csod\u00e1k Palot\u00e1ja <\/a><\/em>j\u00f3volt\u00e1b\u00f3l vend\u00e9geskedik n\u00e1lunk. <\/p>\n\n\n\n<hr class=\"wp-block-separator\"\/>\n\n\n\n<p><em>Di\u00e1klaborunkat a Selye J\u00e1nos Di\u00e1klaborh\u00e1l\u00f3zat ki\u00e9p\u00edt\u00e9se p\u00e1ly\u00e1zat nyertes projektj\u00e9nek k\u00f6sz\u00f6nhet\u0151en alak\u00edtottuk ki:<\/em><\/p>\n\n\n\n<p><em>A p\u00e1ly\u00e1zat k\u00f3dja: XIA-DI\u00c1KLABOR-23-01<\/em><\/p>\n\n\n\n<p><em>Kedvezm\u00e9nyezett: Vil\u00e1gi Zsid\u00f3 Iskola Alap\u00edtv\u00e1ny<\/em><\/p>\n\n\n\n<p><em>Megval\u00f3s\u00edt\u00e1si helysz\u00edn: Lauder Javne Zsid\u00f3 K\u00f6z\u00f6ss\u00e9gi \u00d3voda, \u00c1ltal\u00e1nos Iskola, Gimn\u00e1zium \u00e9s Zenei Alapfok\u00fa M\u0171v\u00e9szeti Iskola<\/em><\/p>\n\n\n\n<p><em>T\u00e1mogat\u00f3: Nemzeti Kutat\u00e1si, Fejleszt\u00e9si \u00e9s Innov\u00e1ci\u00f3s Hivatal, az NKFI Alapb\u00f3l megval\u00f3sul\u00f3 projekt, Nemzeti Innov\u00e1ci\u00f3s \u00dcgyn\u00f6ks\u00e9g Nonprofit Zrt.<\/em><\/p>\n","protected":false},"excerpt":{"rendered":"<p>\u00c1prilis 24-\u00e9n M\u00e1rtha \u00c9va v\u00e9d\u0151n\u0151 vezet\u00e9s\u00e9vel a Levendula oszt\u00e1lyba j\u00e1r\u00f3 l\u00e1nyok \u00e9rkeztek a Di\u00e1klaborba, hogy a hagyom\u00e1nyos \u00e9s modern szeml\u00e9ltet\u0151eszk\u00f6z\u00f6k seg\u00edts\u00e9g\u00e9vel ismerkedjenek az emberi testtel. Az interakt\u00edv bemutat\u00f3 sor\u00e1n &#8211; melynek lebonyol\u00edt\u00e1s\u00e1ban Pasztern\u00e1k Andr\u00e1s m\u0171k\u00f6d\u00f6tt k\u00f6zre &#8211; a negyedikesek sz\u00e1mos k\u00e9rd\u00e9se ker\u00fclt megv\u00e1laszol\u00e1sra. Az eszk\u00f6z\u00f6k egy r\u00e9sze a Nemzeti Tud\u00f3sk\u00e9pz\u0151 Akad\u00e9mia j\u00f3volt\u00e1b\u00f3l ker\u00fclt beszerz\u00e9sre, m\u00e1sik r\u00e9sz\u00fck a Csod\u00e1k Palot\u00e1ja j\u00f3volt\u00e1b\u00f3l vend\u00e9geskedik n\u00e1lunk. Di\u00e1klaborunkat a Selye J\u00e1nos Di\u00e1klaborh\u00e1l\u00f3zat ki\u00e9p\u00edt\u00e9se p\u00e1ly\u00e1zat nyertes projektj\u00e9nek k\u00f6sz\u00f6nhet\u0151en alak\u00edtottuk ki: A p\u00e1ly\u00e1zat k\u00f3dja: XIA-DI\u00c1KLABOR-23-01 Kedvezm\u00e9nyezett: Vil\u00e1gi<\/p>\n","protected":false},"author":3,"featured_media":5071,"comment_status":"closed","ping_status":"open","sticky":false,"template":"","format":"standard","meta":[],"categories":[245,321,322,324,581],"tags":[30,106,645,363,561,582],"_links":{"self":[{"href":"https:\/\/summacum.lauder.hu\/index.php\/wp-json\/wp\/v2\/posts\/5070"}],"collection":[{"href":"https:\/\/summacum.lauder.hu\/index.php\/wp-json\/wp\/v2\/posts"}],"about":[{"href":"https:\/\/summacum.lauder.hu\/index.php\/wp-json\/wp\/v2\/types\/post"}],"author":[{"embeddable":true,"href":"https:\/\/summacum.lauder.hu\/index.php\/wp-json\/wp\/v2\/users\/3"}],"replies":[{"embeddable":true,"href":"https:\/\/summacum.lauder.hu\/index.php\/wp-json\/wp\/v2\/comments?post=5070"}],"version-history":[{"count":3,"href":"https:\/\/summacum.lauder.hu\/index.php\/wp-json\/wp\/v2\/posts\/5070\/revisions"}],"predecessor-version":[{"id":5074,"href":"https:\/\/summacum.lauder.hu\/index.php\/wp-json\/wp\/v2\/posts\/5070\/revisions\/5074"}],"wp:featuredmedia":[{"embeddable":true,"href":"https:\/\/summacum.lauder.hu\/index.php\/wp-json\/wp\/v2\/media\/5071"}],"wp:attachment":[{"href":"https:\/\/summacum.lauder.hu\/index.php\/wp-json\/wp\/v2\/media?parent=5070"}],"wp:term":[{"taxonomy":"category","embeddable":true,"href":"https:\/\/summacum.lauder.hu\/index.php\/wp-json\/wp\/v2\/categories?post=5070"},{"taxonomy":"post_tag","embeddable":true,"href":"https:\/\/summacum.lauder.hu\/index.php\/wp-json\/wp\/v2\/tags?post=5070"}],"curies":[{"name":"wp","href":"https:\/\/api.w.org\/{rel}","templated":true}]}}