{"id":5075,"date":"2026-04-29T12:45:13","date_gmt":"2026-04-29T12:45:13","guid":{"rendered":"https:\/\/summacum.lauder.hu\/?p=5075"},"modified":"2026-04-29T12:45:14","modified_gmt":"2026-04-29T12:45:14","slug":"multivator-93-tudomanyos-elmenynapon-a-budajenoi-altalanos-iskola-hetedikesei","status":"publish","type":"post","link":"https:\/\/summacum.lauder.hu\/index.php\/2026\/04\/29\/multivator-93-tudomanyos-elmenynapon-a-budajenoi-altalanos-iskola-hetedikesei\/","title":{"rendered":"Multiv\u00e1tor #93: Tudom\u00e1nyos \u00e9lm\u00e9nynapon a Budajen\u0151i \u00c1ltal\u00e1nos Iskola hetedikesei"},"content":{"rendered":"\n<p>Kedden, \u00e1prilis 28-\u00e1n a <em>Budajen\u0151i \u00c1ltal\u00e1nos Iskola <\/em>hetedikesei j\u00e1rtak a <em>Lauder Multiverzum Innov\u00e1ci\u00f3s T\u00e9r (MIT) Di\u00e1klaborban<\/em> <em><strong>Gul\u00e1csin\u00e9 Kozma<br>Sarolta<\/strong><\/em> \u00e9s <strong><em>K\u00f3r\u00f3di Krist\u00f3f <\/em><\/strong>tan\u00e1rok vezet\u00e9s\u00e9vel. <\/p>\n\n\n\n<p>A tudom\u00e1nyos \u00e9lm\u00e9nynap els\u0151 k\u00e9t s\u00e1vj\u00e1ban <em><strong>Moln\u00e1r L\u00e1szl\u00f3<\/strong><\/em>\u00a0fizikatan\u00e1r\u00a0<em>Sz\u00ednek \u00e9s f\u00e9nyek<\/em>, valamint munkat\u00e1rsunk,\u00a0<strong><em>Biljarszki D\u00e1niel<\/em><\/strong>\u00a0<em>Ir\u00e1ny az \u0171r!<\/em>\u00a0c\u00edm\u0171 m\u0171helyfoglalkoz\u00e1sain vettek r\u00e9szt a di\u00e1kok. Az el\u0151bbin k\u00eds\u00e9rletek seg\u00edts\u00e9g\u00e9vel m\u00e9ly\u00edtett\u00e9k el az optikai ismereteiket, a l\u00e1tv\u00e1nyos sz\u00ednes bemutat\u00f3k \u00e1tfog\u00f3 k\u00e9pet ny\u00fajtottak a f\u00e9nytanr\u00f3l. Az ut\u00f3bbin VR-szem\u00fcvegeket haszn\u00e1lva a\u00a0<em>Nemzetk\u00f6zi \u0170r\u00e1llom\u00e1son\u00a0<\/em>teljes\u00edtettek k\u00fcldet\u00e9seket vend\u00e9geink.<\/p>\n\n\n\n<figure class=\"wp-block-image size-large\"><img loading=\"lazy\" width=\"1024\" height=\"663\" src=\"https:\/\/summacum.lauder.hu\/wp-content\/uploads\/2026\/04\/multi93-02-1024x663.jpg\" alt=\"\" class=\"wp-image-5078\" srcset=\"https:\/\/summacum.lauder.hu\/wp-content\/uploads\/2026\/04\/multi93-02-1024x663.jpg 1024w, https:\/\/summacum.lauder.hu\/wp-content\/uploads\/2026\/04\/multi93-02-300x194.jpg 300w, https:\/\/summacum.lauder.hu\/wp-content\/uploads\/2026\/04\/multi93-02-768x497.jpg 768w, https:\/\/summacum.lauder.hu\/wp-content\/uploads\/2026\/04\/multi93-02-1170x758.jpg 1170w, https:\/\/summacum.lauder.hu\/wp-content\/uploads\/2026\/04\/multi93-02.jpg 1478w\" sizes=\"(max-width: 1024px) 100vw, 1024px\" \/><\/figure>\n\n\n\n<p>A harmadik rendhagy\u00f3 tan\u00f3r\u00e1n a kiterjesztett val\u00f3s\u00e1got haszn\u00e1l\u00f3 <em>Curiscope<\/em> p\u00f3l\u00f3kkal ismerkedtek az \u00e1ltal\u00e1nos iskol\u00e1sok szakmai vezet\u0151nk, <strong><em>Pasztern\u00e1k Andr\u00e1s <\/em><\/strong>ir\u00e1ny\u00edt\u00e1s\u00e1val, saj\u00e1t oktat\u00f3 p\u00f3l\u00f3mint\u00e1kat is tervezve. <\/p>\n\n\n\n<p>A nap v\u00e9g\u00e9n mindenki megkapta a MULTIV\u00c1TOR-oklevel\u00e9t, v\u00e1laszthatott egy m\u00f3k\u00e1s, tudom\u00e1nyos matric\u00e1t. <\/p>\n\n\n\n<p class=\"has-text-align-right\"><em>K\u00f6sz\u00f6nj\u00fck a k\u00f6z\u00f6s tanul\u00e1st!<\/em><\/p>\n\n\n\n<hr class=\"wp-block-separator\"\/>\n\n\n\n<p><em>Di\u00e1klaborunkat a Selye J\u00e1nos Di\u00e1klaborh\u00e1l\u00f3zat ki\u00e9p\u00edt\u00e9se p\u00e1ly\u00e1zat nyertes projektj\u00e9nek k\u00f6sz\u00f6nhet\u0151en alak\u00edtottuk ki:<\/em><\/p>\n\n\n\n<p><em>A p\u00e1ly\u00e1zat k\u00f3dja: XIA-DI\u00c1KLABOR-23-01<\/em><\/p>\n\n\n\n<p><em>Kedvezm\u00e9nyezett: Vil\u00e1gi Zsid\u00f3 Iskola Alap\u00edtv\u00e1ny<\/em><\/p>\n\n\n\n<p><em>Megval\u00f3s\u00edt\u00e1si helysz\u00edn: Lauder Javne Zsid\u00f3 K\u00f6z\u00f6ss\u00e9gi \u00d3voda, \u00c1ltal\u00e1nos Iskola, Gimn\u00e1zium \u00e9s Zenei Alapfok\u00fa M\u0171v\u00e9szeti Iskola<\/em><\/p>\n\n\n\n<p><em>T\u00e1mogat\u00f3: Nemzeti Kutat\u00e1si, Fejleszt\u00e9si \u00e9s Innov\u00e1ci\u00f3s Hivatal, az NKFI Alapb\u00f3l megval\u00f3sul\u00f3 projekt, Nemzeti Innov\u00e1ci\u00f3s \u00dcgyn\u00f6ks\u00e9g Nonprofit Zrt.<\/em><\/p>\n\n\n\n<p class=\"has-text-align-right\"><em> <\/em><\/p>\n","protected":false},"excerpt":{"rendered":"<p>Kedden, \u00e1prilis 28-\u00e1n a Budajen\u0151i \u00c1ltal\u00e1nos Iskola hetedikesei j\u00e1rtak a Lauder Multiverzum Innov\u00e1ci\u00f3s T\u00e9r (MIT) Di\u00e1klaborban Gul\u00e1csin\u00e9 KozmaSarolta \u00e9s K\u00f3r\u00f3di Krist\u00f3f tan\u00e1rok vezet\u00e9s\u00e9vel. A tudom\u00e1nyos \u00e9lm\u00e9nynap els\u0151 k\u00e9t s\u00e1vj\u00e1ban Moln\u00e1r L\u00e1szl\u00f3\u00a0fizikatan\u00e1r\u00a0Sz\u00ednek \u00e9s f\u00e9nyek, valamint munkat\u00e1rsunk,\u00a0Biljarszki D\u00e1niel\u00a0Ir\u00e1ny az \u0171r!\u00a0c\u00edm\u0171 m\u0171helyfoglalkoz\u00e1sain vettek r\u00e9szt a di\u00e1kok. Az el\u0151bbin k\u00eds\u00e9rletek seg\u00edts\u00e9g\u00e9vel m\u00e9ly\u00edtett\u00e9k el az optikai ismereteiket, a l\u00e1tv\u00e1nyos sz\u00ednes bemutat\u00f3k \u00e1tfog\u00f3 k\u00e9pet ny\u00fajtottak a f\u00e9nytanr\u00f3l. Az ut\u00f3bbin VR-szem\u00fcvegeket haszn\u00e1lva a\u00a0Nemzetk\u00f6zi \u0170r\u00e1llom\u00e1son\u00a0teljes\u00edtettek k\u00fcldet\u00e9seket vend\u00e9geink. A harmadik rendhagy\u00f3 tan\u00f3r\u00e1n a kiterjesztett val\u00f3s\u00e1got haszn\u00e1l\u00f3 Curiscope p\u00f3l\u00f3kkal ismerkedtek<\/p>\n","protected":false},"author":3,"featured_media":5077,"comment_status":"closed","ping_status":"open","sticky":false,"template":"","format":"standard","meta":[],"categories":[245,321,322,324,341],"tags":[30,199,19,363,342,43,524,24],"_links":{"self":[{"href":"https:\/\/summacum.lauder.hu\/index.php\/wp-json\/wp\/v2\/posts\/5075"}],"collection":[{"href":"https:\/\/summacum.lauder.hu\/index.php\/wp-json\/wp\/v2\/posts"}],"about":[{"href":"https:\/\/summacum.lauder.hu\/index.php\/wp-json\/wp\/v2\/types\/post"}],"author":[{"embeddable":true,"href":"https:\/\/summacum.lauder.hu\/index.php\/wp-json\/wp\/v2\/users\/3"}],"replies":[{"embeddable":true,"href":"https:\/\/summacum.lauder.hu\/index.php\/wp-json\/wp\/v2\/comments?post=5075"}],"version-history":[{"count":2,"href":"https:\/\/summacum.lauder.hu\/index.php\/wp-json\/wp\/v2\/posts\/5075\/revisions"}],"predecessor-version":[{"id":5080,"href":"https:\/\/summacum.lauder.hu\/index.php\/wp-json\/wp\/v2\/posts\/5075\/revisions\/5080"}],"wp:featuredmedia":[{"embeddable":true,"href":"https:\/\/summacum.lauder.hu\/index.php\/wp-json\/wp\/v2\/media\/5077"}],"wp:attachment":[{"href":"https:\/\/summacum.lauder.hu\/index.php\/wp-json\/wp\/v2\/media?parent=5075"}],"wp:term":[{"taxonomy":"category","embeddable":true,"href":"https:\/\/summacum.lauder.hu\/index.php\/wp-json\/wp\/v2\/categories?post=5075"},{"taxonomy":"post_tag","embeddable":true,"href":"https:\/\/summacum.lauder.hu\/index.php\/wp-json\/wp\/v2\/tags?post=5075"}],"curies":[{"name":"wp","href":"https:\/\/api.w.org\/{rel}","templated":true}]}}