{"id":5081,"date":"2026-04-29T12:59:53","date_gmt":"2026-04-29T12:59:53","guid":{"rendered":"https:\/\/summacum.lauder.hu\/?p=5081"},"modified":"2026-04-29T12:59:54","modified_gmt":"2026-04-29T12:59:54","slug":"mit-tukor-32-vr-kuldetesen-a-piknikesek","status":"publish","type":"post","link":"https:\/\/summacum.lauder.hu\/index.php\/2026\/04\/29\/mit-tukor-32-vr-kuldetesen-a-piknikesek\/","title":{"rendered":"MIT T\u00fck\u00f6r #32 VR-k\u00fcldet\u00e9sen a Piknikesek"},"content":{"rendered":"\n<p>Folytatva a <a rel=\"noreferrer noopener\" href=\"https:\/\/summacum.lauder.hu\/index.php\/2026\/04\/23\/mit-tukor-28-29\/\" data-type=\"URL\" data-id=\"https:\/\/summacum.lauder.hu\/index.php\/2026\/04\/23\/mit-tukor-28-29\/\" target=\"_blank\">m\u00faltheti tudom\u00e1nyos kalandoz\u00e1st<\/a>, <strong><em>K\u0151v\u00e1ri Luca<\/em><\/strong> tan\u00e1rn\u0151 vezet\u00e9s\u00e9vel a <strong>Piknik oszt\u00e1ly<\/strong> egy \u00fajabb csapata teljes\u00edtett \u0171rk\u00fcldet\u00e9seket \u00e1prilis 28-\u00e1n a <em>Di\u00e1klaborban<\/em>. <\/p>\n\n\n\n<p>VR-szem\u00fcvegek seg\u00edts\u00e9g\u00e9vel a <em>Nemzetk\u00f6zi \u0171r\u00e1llom\u00e1son<\/em> kalandoztak a di\u00e1kok munkat\u00e1rsunk, <strong><em>Biljarszki D\u00e1niel<\/em><\/strong> koordin\u00e1l\u00e1s\u00e1val. <\/p>\n\n\n\n<hr class=\"wp-block-separator\"\/>\n\n\n\n<p><em>Di\u00e1klaborunkat a Selye J\u00e1nos Di\u00e1klaborh\u00e1l\u00f3zat ki\u00e9p\u00edt\u00e9se p\u00e1ly\u00e1zat nyertes projektj\u00e9nek k\u00f6sz\u00f6nhet\u0151en alak\u00edtottuk ki:<\/em><\/p>\n\n\n\n<p><em>A p\u00e1ly\u00e1zat k\u00f3dja: XIA-DI\u00c1KLABOR-23-01<\/em><\/p>\n\n\n\n<p><em>Kedvezm\u00e9nyezett: Vil\u00e1gi Zsid\u00f3 Iskola Alap\u00edtv\u00e1ny<\/em><\/p>\n\n\n\n<p><em>Megval\u00f3s\u00edt\u00e1si helysz\u00edn: Lauder Javne Zsid\u00f3 K\u00f6z\u00f6ss\u00e9gi \u00d3voda, \u00c1ltal\u00e1nos Iskola, Gimn\u00e1zium \u00e9s Zenei Alapfok\u00fa M\u0171v\u00e9szeti Iskola<\/em><\/p>\n\n\n\n<p><em>T\u00e1mogat\u00f3: Nemzeti Kutat\u00e1si, Fejleszt\u00e9si \u00e9s Innov\u00e1ci\u00f3s Hivatal, az NKFI Alapb\u00f3l megval\u00f3sul\u00f3 projekt, Nemzeti Innov\u00e1ci\u00f3s \u00dcgyn\u00f6ks\u00e9g Nonprofit Zrt.<\/em><\/p>\n","protected":false},"excerpt":{"rendered":"<p>Folytatva a m\u00faltheti tudom\u00e1nyos kalandoz\u00e1st, K\u0151v\u00e1ri Luca tan\u00e1rn\u0151 vezet\u00e9s\u00e9vel a Piknik oszt\u00e1ly egy \u00fajabb csapata teljes\u00edtett \u0171rk\u00fcldet\u00e9seket \u00e1prilis 28-\u00e1n a Di\u00e1klaborban. VR-szem\u00fcvegek seg\u00edts\u00e9g\u00e9vel a Nemzetk\u00f6zi \u0171r\u00e1llom\u00e1son kalandoztak a di\u00e1kok munkat\u00e1rsunk, Biljarszki D\u00e1niel koordin\u00e1l\u00e1s\u00e1val. Di\u00e1klaborunkat a Selye J\u00e1nos Di\u00e1klaborh\u00e1l\u00f3zat ki\u00e9p\u00edt\u00e9se p\u00e1ly\u00e1zat nyertes projektj\u00e9nek k\u00f6sz\u00f6nhet\u0151en alak\u00edtottuk ki: A p\u00e1ly\u00e1zat k\u00f3dja: XIA-DI\u00c1KLABOR-23-01 Kedvezm\u00e9nyezett: Vil\u00e1gi Zsid\u00f3 Iskola Alap\u00edtv\u00e1ny Megval\u00f3s\u00edt\u00e1si helysz\u00edn: Lauder Javne Zsid\u00f3 K\u00f6z\u00f6ss\u00e9gi \u00d3voda, \u00c1ltal\u00e1nos Iskola, Gimn\u00e1zium \u00e9s Zenei Alapfok\u00fa M\u0171v\u00e9szeti Iskola T\u00e1mogat\u00f3: Nemzeti Kutat\u00e1si, Fejleszt\u00e9si \u00e9s Innov\u00e1ci\u00f3s Hivatal, az NKFI Alapb\u00f3l megval\u00f3sul\u00f3<\/p>\n","protected":false},"author":3,"featured_media":5082,"comment_status":"closed","ping_status":"open","sticky":false,"template":"","format":"standard","meta":[],"categories":[245,321,322,324],"tags":[363,371,24,487],"_links":{"self":[{"href":"https:\/\/summacum.lauder.hu\/index.php\/wp-json\/wp\/v2\/posts\/5081"}],"collection":[{"href":"https:\/\/summacum.lauder.hu\/index.php\/wp-json\/wp\/v2\/posts"}],"about":[{"href":"https:\/\/summacum.lauder.hu\/index.php\/wp-json\/wp\/v2\/types\/post"}],"author":[{"embeddable":true,"href":"https:\/\/summacum.lauder.hu\/index.php\/wp-json\/wp\/v2\/users\/3"}],"replies":[{"embeddable":true,"href":"https:\/\/summacum.lauder.hu\/index.php\/wp-json\/wp\/v2\/comments?post=5081"}],"version-history":[{"count":1,"href":"https:\/\/summacum.lauder.hu\/index.php\/wp-json\/wp\/v2\/posts\/5081\/revisions"}],"predecessor-version":[{"id":5083,"href":"https:\/\/summacum.lauder.hu\/index.php\/wp-json\/wp\/v2\/posts\/5081\/revisions\/5083"}],"wp:featuredmedia":[{"embeddable":true,"href":"https:\/\/summacum.lauder.hu\/index.php\/wp-json\/wp\/v2\/media\/5082"}],"wp:attachment":[{"href":"https:\/\/summacum.lauder.hu\/index.php\/wp-json\/wp\/v2\/media?parent=5081"}],"wp:term":[{"taxonomy":"category","embeddable":true,"href":"https:\/\/summacum.lauder.hu\/index.php\/wp-json\/wp\/v2\/categories?post=5081"},{"taxonomy":"post_tag","embeddable":true,"href":"https:\/\/summacum.lauder.hu\/index.php\/wp-json\/wp\/v2\/tags?post=5081"}],"curies":[{"name":"wp","href":"https:\/\/api.w.org\/{rel}","templated":true}]}}