{"id":5084,"date":"2026-04-29T13:17:00","date_gmt":"2026-04-29T13:17:00","guid":{"rendered":"https:\/\/summacum.lauder.hu\/?p=5084"},"modified":"2026-04-29T13:23:25","modified_gmt":"2026-04-29T13:23:25","slug":"innolab-tudomany-muveszet-hagyomany-elindult-a-j-base-projekt","status":"publish","type":"post","link":"https:\/\/summacum.lauder.hu\/index.php\/2026\/04\/29\/innolab-tudomany-muveszet-hagyomany-elindult-a-j-base-projekt\/","title":{"rendered":"INNOlab: Tudom\u00e1ny, m\u0171v\u00e9szet, hagyom\u00e1ny &#8211;  elindult a J-Base projekt"},"content":{"rendered":"\n<p>\u00c1prilis 28-\u00e1n folytat\u00f3dott az\u00a0<em><a rel=\"noreferrer noopener\" href=\"https:\/\/summacum.lauder.hu\/index.php\/category\/innolab-diak-innovator-klub\/\" target=\"_blank\">INNOlab \u2013 Di\u00e1k Innov\u00e1torok Klubja\u00a0<\/a><\/em>szakk\u00f6r a\u00a0<em>Di\u00e1klaborban<\/em>. Ez\u00fattal \u00faj projekt\u00fcnk, <strong><a rel=\"noreferrer noopener\" href=\"https:\/\/summacum.lauder.hu\/index.php\/j-base\/\" data-type=\"URL\" data-id=\"https:\/\/summacum.lauder.hu\/index.php\/j-base\/\" target=\"_blank\">J-Base <\/a> <\/strong>t\u00e9m\u00e1j\u00e1val kezdt\u00fcnk el foglalkozni, a tud\u00f3sok \u00e9s a zsid\u00f3s\u00e1g kapcsolat\u00e1t kutattuk. <\/p>\n\n\n\n<p>Virtu\u00e1lisan felkerest\u00fck a balatonf\u00fcredi <em>Zsid\u00f3 Kiv\u00e1l\u00f3s\u00e1gok H\u00e1z\u00e1t<\/em>, majd <strong><em>Albert Einstein<\/em><\/strong> \u00e9s <strong><em>Kor\u00e1nyi Frigyes<\/em><\/strong> munk\u00e1ss\u00e1g\u00e1val \u00e9s a zsid\u00f3 hagyom\u00e1nyokhoz, hithez val\u00f3 k\u00f6t\u0151d\u00e9s\u00fckkel foglalkoztunk. K\u00e9t csapatban feldolgozva az \u00e9let\u00fatjukat. <\/p>\n\n\n\n<p>A foglalkoz\u00e1st az elk\u00e9sz\u00fclt prezent\u00e1ci\u00f3k bemutat\u00e1s\u00e1val z\u00e1rtuk, jutott id\u0151 egy kis VR-kalndra is. <\/p>\n\n\n\n<hr class=\"wp-block-separator\"\/>\n\n\n\n<p><strong><em>A Lauder Javne Iskola \u201cJ-Base \u2013 Zsid\u00f3 m\u0171v\u00e9szeti \u00e9s tudom\u00e1nyos \u00f6r\u00f6ks\u00e9g \u00fajragondol\u00e1sa<strong><em>\u201c<\/em><\/strong>&nbsp;projektje a Bethlen G\u00e1bor Alapkezel\u0151 Zrt., a Minisztereln\u00f6ks\u00e9g \u00e9s a MAZS\u00d6K t\u00e1mogat\u00e1s\u00e1val val\u00f3sult meg.<\/em><\/strong><\/p>\n\n\n\n<div class=\"wp-block-image\"><figure class=\"aligncenter is-resized\"><img loading=\"lazy\" src=\"https:\/\/summacum.lauder.hu\/wp-content\/uploads\/2025\/12\/majim-logok-1024x348.jpg\" alt=\"\" class=\"wp-image-4642\" width=\"500\" height=\"170\" srcset=\"https:\/\/summacum.lauder.hu\/wp-content\/uploads\/2025\/12\/majim-logok-1024x348.jpg 1024w, https:\/\/summacum.lauder.hu\/wp-content\/uploads\/2025\/12\/majim-logok-300x102.jpg 300w, https:\/\/summacum.lauder.hu\/wp-content\/uploads\/2025\/12\/majim-logok-768x261.jpg 768w, https:\/\/summacum.lauder.hu\/wp-content\/uploads\/2025\/12\/majim-logok-1170x398.jpg 1170w, https:\/\/summacum.lauder.hu\/wp-content\/uploads\/2025\/12\/majim-logok.jpg 1247w\" sizes=\"(max-width: 500px) 100vw, 500px\" \/><\/figure><\/div>\n\n\n\n<hr class=\"wp-block-separator\"\/>\n\n\n\n<p><em>Di\u00e1klaborunkat a Selye J\u00e1nos Di\u00e1klaborh\u00e1l\u00f3zat ki\u00e9p\u00edt\u00e9se p\u00e1ly\u00e1zat nyertes projektj\u00e9nek k\u00f6sz\u00f6nhet\u0151en alak\u00edtottuk ki:<\/em><\/p>\n\n\n\n<p><em>A p\u00e1ly\u00e1zat k\u00f3dja: XIA-DI\u00c1KLABOR-23-01<\/em><\/p>\n\n\n\n<p><em>Kedvezm\u00e9nyezett: Vil\u00e1gi Zsid\u00f3 Iskola Alap\u00edtv\u00e1ny<\/em><\/p>\n\n\n\n<p><em>Megval\u00f3s\u00edt\u00e1si helysz\u00edn: Lauder Javne Zsid\u00f3 K\u00f6z\u00f6ss\u00e9gi \u00d3voda, \u00c1ltal\u00e1nos Iskola, Gimn\u00e1zium \u00e9s Zenei Alapfok\u00fa M\u0171v\u00e9szeti Iskola<\/em><\/p>\n\n\n\n<p><em>T\u00e1mogat\u00f3: Nemzeti Kutat\u00e1si, Fejleszt\u00e9si \u00e9s Innov\u00e1ci\u00f3s Hivatal, az NKFI Alapb\u00f3l megval\u00f3sul\u00f3 projekt, Nemzeti Innov\u00e1ci\u00f3s \u00dcgyn\u00f6ks\u00e9g Nonprofit Zrt.<\/em><\/p>\n","protected":false},"excerpt":{"rendered":"<p>\u00c1prilis 28-\u00e1n folytat\u00f3dott az\u00a0INNOlab \u2013 Di\u00e1k Innov\u00e1torok Klubja\u00a0szakk\u00f6r a\u00a0Di\u00e1klaborban. Ez\u00fattal \u00faj projekt\u00fcnk, J-Base t\u00e9m\u00e1j\u00e1val kezdt\u00fcnk el foglalkozni, a tud\u00f3sok \u00e9s a zsid\u00f3s\u00e1g kapcsolat\u00e1t kutattuk. Virtu\u00e1lisan felkerest\u00fck a balatonf\u00fcredi Zsid\u00f3 Kiv\u00e1l\u00f3s\u00e1gok H\u00e1z\u00e1t, majd Albert Einstein \u00e9s Kor\u00e1nyi Frigyes munk\u00e1ss\u00e1g\u00e1val \u00e9s a zsid\u00f3 hagyom\u00e1nyokhoz, hithez val\u00f3 k\u00f6t\u0151d\u00e9s\u00fckkel foglalkoztunk. K\u00e9t csapatban feldolgozva az \u00e9let\u00fatjukat. A foglalkoz\u00e1st az elk\u00e9sz\u00fclt prezent\u00e1ci\u00f3k bemutat\u00e1s\u00e1val z\u00e1rtuk, jutott id\u0151 egy kis VR-kalndra is. A Lauder Javne Iskola \u201cJ-Base \u2013 Zsid\u00f3 m\u0171v\u00e9szeti \u00e9s tudom\u00e1nyos \u00f6r\u00f6ks\u00e9g \u00fajragondol\u00e1sa\u201c&nbsp;projektje a Bethlen G\u00e1bor Alapkezel\u0151<\/p>\n","protected":false},"author":3,"featured_media":5086,"comment_status":"closed","ping_status":"open","sticky":false,"template":"","format":"standard","meta":[],"categories":[245,130,321,322,324],"tags":[646,75,363,417,35,24,487,204],"_links":{"self":[{"href":"https:\/\/summacum.lauder.hu\/index.php\/wp-json\/wp\/v2\/posts\/5084"}],"collection":[{"href":"https:\/\/summacum.lauder.hu\/index.php\/wp-json\/wp\/v2\/posts"}],"about":[{"href":"https:\/\/summacum.lauder.hu\/index.php\/wp-json\/wp\/v2\/types\/post"}],"author":[{"embeddable":true,"href":"https:\/\/summacum.lauder.hu\/index.php\/wp-json\/wp\/v2\/users\/3"}],"replies":[{"embeddable":true,"href":"https:\/\/summacum.lauder.hu\/index.php\/wp-json\/wp\/v2\/comments?post=5084"}],"version-history":[{"count":3,"href":"https:\/\/summacum.lauder.hu\/index.php\/wp-json\/wp\/v2\/posts\/5084\/revisions"}],"predecessor-version":[{"id":5089,"href":"https:\/\/summacum.lauder.hu\/index.php\/wp-json\/wp\/v2\/posts\/5084\/revisions\/5089"}],"wp:featuredmedia":[{"embeddable":true,"href":"https:\/\/summacum.lauder.hu\/index.php\/wp-json\/wp\/v2\/media\/5086"}],"wp:attachment":[{"href":"https:\/\/summacum.lauder.hu\/index.php\/wp-json\/wp\/v2\/media?parent=5084"}],"wp:term":[{"taxonomy":"category","embeddable":true,"href":"https:\/\/summacum.lauder.hu\/index.php\/wp-json\/wp\/v2\/categories?post=5084"},{"taxonomy":"post_tag","embeddable":true,"href":"https:\/\/summacum.lauder.hu\/index.php\/wp-json\/wp\/v2\/tags?post=5084"}],"curies":[{"name":"wp","href":"https:\/\/api.w.org\/{rel}","templated":true}]}}