{"id":5092,"date":"2026-04-29T13:41:05","date_gmt":"2026-04-29T13:41:05","guid":{"rendered":"https:\/\/summacum.lauder.hu\/?p=5092"},"modified":"2026-04-29T13:41:05","modified_gmt":"2026-04-29T13:41:05","slug":"nemzeti-tudoskepzo-akademia-biotrend-gyakorlat-az-elte-apaczai-csere-janos-gyakorlogimnazium-szervezeseben","status":"publish","type":"post","link":"https:\/\/summacum.lauder.hu\/index.php\/2026\/04\/29\/nemzeti-tudoskepzo-akademia-biotrend-gyakorlat-az-elte-apaczai-csere-janos-gyakorlogimnazium-szervezeseben\/","title":{"rendered":"Nemzeti Tud\u00f3sk\u00e9pz\u0151 Akad\u00e9mia: bioTrend gyakorlat az ELTE Ap\u00e1czai Csere J\u00e1nos Gyakorl\u00f3gimn\u00e1zium szervez\u00e9s\u00e9ben"},"content":{"rendered":"\n<p>\u00c1prilis 28-\u00e1n kedden a\u00a0<em><a rel=\"noreferrer noopener\" href=\"https:\/\/www.edu-sci.org\/\" target=\"_blank\">Nemzeti Tud\u00f3sk\u00e9pz\u0151 Akad\u00e9mia<\/a><\/em>\u00a0budapesti\u00a0<em>Ter\u00fcleti K\u00e9pz\u00e9si K\u00f6zpontjainak<\/em>\u00a0egy\u00fcttm\u0171k\u00f6d\u00e9se keret\u00e9ben, az\u00a0<em>ELTE Ap\u00e1czai Csere J\u00e1nos Gyakorl\u00f3gimn\u00e1zium\u00a0<\/em>szervez\u00e9s\u00e9ben fogadtunk di\u00e1kokat a <em>Lauder Multiverzum Innov\u00e1ci\u00f3s T\u00e9r (MIT) Di\u00e1klaborban<\/em>.<\/p>\n\n\n\n<p>A <strong>bioTrend \u2013 a k\u00fcldet\u00e9sek gyakorlata\u00a0<\/strong>c\u00edm\u0171 m\u0171helyfoglalkoz\u00e1son az AR \u00e9s VR programok, a <em>z-Space<\/em> 3D-\u00e9s termin\u00e1lok, a robotkarok, a LED-fal \u00e9s a Lego robotok is szerepet kaptak. A XXI. sz\u00e1zadi eszk\u00f6zparknak k\u00f6sz\u00f6nhet\u0151en lehet\u0151s\u00e9g ny\u00edlt arra, hogy a tehets\u00e9ggondoz\u00f3 program r\u00e9sztvev\u0151i elm\u00e9ly\u00fcljenek egy-egy alkalmaz\u00e1s haszn\u00e1lat\u00e1ban, megismerj\u00e9k a lehet\u0151s\u00e9geket, az elsaj\u00e1t\u00edthat\u00f3 tud\u00e1sanyagot.<\/p>\n\n\n\n<p>A foglalkoz\u00e1st<em>&nbsp;Di\u00e1klaborunk<\/em>&nbsp;szakmai vezet\u0151je,&nbsp;<em><strong>dr. Pasztern\u00e1k Andr\u00e1s<\/strong><\/em>&nbsp;koordin\u00e1lta.<\/p>\n\n\n\n<p class=\"has-text-align-right\"><em>K\u00f6sz\u00f6nj\u00fck a k\u00f6z\u00f6s tanul\u00e1st!<\/em><\/p>\n\n\n\n<hr class=\"wp-block-separator\"\/>\n\n\n\n<p><em>Di\u00e1klaborunkat a Selye J\u00e1nos Di\u00e1klaborh\u00e1l\u00f3zat ki\u00e9p\u00edt\u00e9se p\u00e1ly\u00e1zat nyertes projektj\u00e9nek k\u00f6sz\u00f6nhet\u0151en alak\u00edtottuk ki:<\/em><\/p>\n\n\n\n<p><em>A p\u00e1ly\u00e1zat k\u00f3dja: XIA-DI\u00c1KLABOR-23-01<\/em><\/p>\n\n\n\n<p><em>Kedvezm\u00e9nyezett: Vil\u00e1gi Zsid\u00f3 Iskola Alap\u00edtv\u00e1ny<\/em><\/p>\n\n\n\n<p><em>Megval\u00f3s\u00edt\u00e1si helysz\u00edn: Lauder Javne Zsid\u00f3 K\u00f6z\u00f6ss\u00e9gi \u00d3voda, \u00c1ltal\u00e1nos Iskola, Gimn\u00e1zium \u00e9s Zenei Alapfok\u00fa M\u0171v\u00e9szeti Iskola<\/em><\/p>\n\n\n\n<p><em>T\u00e1mogat\u00f3: Nemzeti Kutat\u00e1si, Fejleszt\u00e9si \u00e9s Innov\u00e1ci\u00f3s Hivatal, az NKFI Alapb\u00f3l megval\u00f3sul\u00f3 projekt, Nemzeti Innov\u00e1ci\u00f3s \u00dcgyn\u00f6ks\u00e9g Nonprofit Zrt.<\/em><\/p>\n","protected":false},"excerpt":{"rendered":"<p>\u00c1prilis 28-\u00e1n kedden a\u00a0Nemzeti Tud\u00f3sk\u00e9pz\u0151 Akad\u00e9mia\u00a0budapesti\u00a0Ter\u00fcleti K\u00e9pz\u00e9si K\u00f6zpontjainak\u00a0egy\u00fcttm\u0171k\u00f6d\u00e9se keret\u00e9ben, az\u00a0ELTE Ap\u00e1czai Csere J\u00e1nos Gyakorl\u00f3gimn\u00e1zium\u00a0szervez\u00e9s\u00e9ben fogadtunk di\u00e1kokat a Lauder Multiverzum Innov\u00e1ci\u00f3s T\u00e9r (MIT) Di\u00e1klaborban. A bioTrend \u2013 a k\u00fcldet\u00e9sek gyakorlata\u00a0c\u00edm\u0171 m\u0171helyfoglalkoz\u00e1son az AR \u00e9s VR programok, a z-Space 3D-\u00e9s termin\u00e1lok, a robotkarok, a LED-fal \u00e9s a Lego robotok is szerepet kaptak. A XXI. sz\u00e1zadi eszk\u00f6zparknak k\u00f6sz\u00f6nhet\u0151en lehet\u0151s\u00e9g ny\u00edlt arra, hogy a tehets\u00e9ggondoz\u00f3 program r\u00e9sztvev\u0151i elm\u00e9ly\u00fcljenek egy-egy alkalmaz\u00e1s haszn\u00e1lat\u00e1ban, megismerj\u00e9k a lehet\u0151s\u00e9geket, az elsaj\u00e1t\u00edthat\u00f3 tud\u00e1sanyagot. A foglalkoz\u00e1st&nbsp;Di\u00e1klaborunk&nbsp;szakmai vezet\u0151je,&nbsp;dr. Pasztern\u00e1k Andr\u00e1s&nbsp;koordin\u00e1lta. K\u00f6sz\u00f6nj\u00fck a<\/p>\n","protected":false},"author":3,"featured_media":5094,"comment_status":"closed","ping_status":"open","sticky":false,"template":"","format":"standard","meta":[],"categories":[245,321,322,324,581],"tags":[30,363,391,446,582,407,487,223],"_links":{"self":[{"href":"https:\/\/summacum.lauder.hu\/index.php\/wp-json\/wp\/v2\/posts\/5092"}],"collection":[{"href":"https:\/\/summacum.lauder.hu\/index.php\/wp-json\/wp\/v2\/posts"}],"about":[{"href":"https:\/\/summacum.lauder.hu\/index.php\/wp-json\/wp\/v2\/types\/post"}],"author":[{"embeddable":true,"href":"https:\/\/summacum.lauder.hu\/index.php\/wp-json\/wp\/v2\/users\/3"}],"replies":[{"embeddable":true,"href":"https:\/\/summacum.lauder.hu\/index.php\/wp-json\/wp\/v2\/comments?post=5092"}],"version-history":[{"count":1,"href":"https:\/\/summacum.lauder.hu\/index.php\/wp-json\/wp\/v2\/posts\/5092\/revisions"}],"predecessor-version":[{"id":5095,"href":"https:\/\/summacum.lauder.hu\/index.php\/wp-json\/wp\/v2\/posts\/5092\/revisions\/5095"}],"wp:featuredmedia":[{"embeddable":true,"href":"https:\/\/summacum.lauder.hu\/index.php\/wp-json\/wp\/v2\/media\/5094"}],"wp:attachment":[{"href":"https:\/\/summacum.lauder.hu\/index.php\/wp-json\/wp\/v2\/media?parent=5092"}],"wp:term":[{"taxonomy":"category","embeddable":true,"href":"https:\/\/summacum.lauder.hu\/index.php\/wp-json\/wp\/v2\/categories?post=5092"},{"taxonomy":"post_tag","embeddable":true,"href":"https:\/\/summacum.lauder.hu\/index.php\/wp-json\/wp\/v2\/tags?post=5092"}],"curies":[{"name":"wp","href":"https:\/\/api.w.org\/{rel}","templated":true}]}}