{"id":718,"date":"2022-06-06T08:38:33","date_gmt":"2022-06-06T08:38:33","guid":{"rendered":"https:\/\/4t.lauder.hu\/?p=718"},"modified":"2022-06-06T08:40:41","modified_gmt":"2022-06-06T08:40:41","slug":"szezonzaro-a-diak-innovatorok-klubjaban","status":"publish","type":"post","link":"https:\/\/summacum.lauder.hu\/index.php\/2022\/06\/06\/szezonzaro-a-diak-innovatorok-klubjaban\/","title":{"rendered":"Szezonz\u00e1r\u00f3 a Di\u00e1k Innov\u00e1torok Klubj\u00e1ban"},"content":{"rendered":"\n<p>J\u00fanius 2-\u00e1n tartotta szezonz\u00e1r\u00f3 \u00f6sszej\u00f6vetel\u00e9t a <strong><a href=\"https:\/\/4t.lauder.hu\/index.php\/category\/innolab-diak-innovator-klub\/\" target=\"_blank\" rel=\"noreferrer noopener\">Di\u00e1k Innov\u00e1torok Klubja<\/a><\/strong>. Hagyom\u00e1nyainkat k\u00f6vetve, ez\u00fattal is egy kreat\u00edv j\u00e1t\u00e9kkal ind\u00edtottuk a d\u00e9lut\u00e1nt. Ezt k\u00f6vet\u0151en a n\u00e9h\u00e1ny napja rendezett <strong><a rel=\"noreferrer noopener\" href=\"https:\/\/lim.lauder.hu\/\" target=\"_blank\">Lauder Innov\u00e1ci\u00f3s Maraton <\/a><\/strong>legsikeresebb projektjeinek bemutat\u00f3it elemezt\u00fck az innov\u00e1torok szem\u00e9vel. A klub vezet\u0151je megosztotta mentori tapasztalatait az idei LIM-mel kapcsolatban.<\/p>\n\n\n\n<p>A folytat\u00e1s rem\u00e9ny\u00e9ben fejezt\u00fck be a tan\u00e9vet, felid\u00e9zve a k\u00f6z\u00f6s \u00e9lm\u00e9nyeket. <\/p>\n","protected":false},"excerpt":{"rendered":"<p>J\u00fanius 2-\u00e1n tartotta szezonz\u00e1r\u00f3 \u00f6sszej\u00f6vetel\u00e9t a Di\u00e1k Innov\u00e1torok Klubja. Hagyom\u00e1nyainkat k\u00f6vetve, ez\u00fattal is egy kreat\u00edv j\u00e1t\u00e9kkal ind\u00edtottuk a d\u00e9lut\u00e1nt. Ezt k\u00f6vet\u0151en a n\u00e9h\u00e1ny napja rendezett Lauder Innov\u00e1ci\u00f3s Maraton legsikeresebb projektjeinek bemutat\u00f3it elemezt\u00fck az innov\u00e1torok szem\u00e9vel. A klub vezet\u0151je megosztotta mentori tapasztalatait az idei LIM-mel kapcsolatban. A folytat\u00e1s rem\u00e9ny\u00e9ben fejezt\u00fck be a tan\u00e9vet, felid\u00e9zve a k\u00f6z\u00f6s \u00e9lm\u00e9nyeket.<\/p>\n","protected":false},"author":3,"featured_media":720,"comment_status":"open","ping_status":"open","sticky":false,"template":"","format":"standard","meta":[],"categories":[130],"tags":[125,185,186],"_links":{"self":[{"href":"https:\/\/summacum.lauder.hu\/index.php\/wp-json\/wp\/v2\/posts\/718"}],"collection":[{"href":"https:\/\/summacum.lauder.hu\/index.php\/wp-json\/wp\/v2\/posts"}],"about":[{"href":"https:\/\/summacum.lauder.hu\/index.php\/wp-json\/wp\/v2\/types\/post"}],"author":[{"embeddable":true,"href":"https:\/\/summacum.lauder.hu\/index.php\/wp-json\/wp\/v2\/users\/3"}],"replies":[{"embeddable":true,"href":"https:\/\/summacum.lauder.hu\/index.php\/wp-json\/wp\/v2\/comments?post=718"}],"version-history":[{"count":3,"href":"https:\/\/summacum.lauder.hu\/index.php\/wp-json\/wp\/v2\/posts\/718\/revisions"}],"predecessor-version":[{"id":723,"href":"https:\/\/summacum.lauder.hu\/index.php\/wp-json\/wp\/v2\/posts\/718\/revisions\/723"}],"wp:featuredmedia":[{"embeddable":true,"href":"https:\/\/summacum.lauder.hu\/index.php\/wp-json\/wp\/v2\/media\/720"}],"wp:attachment":[{"href":"https:\/\/summacum.lauder.hu\/index.php\/wp-json\/wp\/v2\/media?parent=718"}],"wp:term":[{"taxonomy":"category","embeddable":true,"href":"https:\/\/summacum.lauder.hu\/index.php\/wp-json\/wp\/v2\/categories?post=718"},{"taxonomy":"post_tag","embeddable":true,"href":"https:\/\/summacum.lauder.hu\/index.php\/wp-json\/wp\/v2\/tags?post=718"}],"curies":[{"name":"wp","href":"https:\/\/api.w.org\/{rel}","templated":true}]}}