{"id":188,"count":1,"description":"","link":"https:\/\/summacum.lauder.hu\/index.php\/tag\/virtualis-elmenyek\/","name":"virtu\u00e1lis \u00e9lm\u00e9nyek","slug":"virtualis-elmenyek","taxonomy":"post_tag","meta":[],"_links":{"self":[{"href":"https:\/\/summacum.lauder.hu\/index.php\/wp-json\/wp\/v2\/tags\/188"}],"collection":[{"href":"https:\/\/summacum.lauder.hu\/index.php\/wp-json\/wp\/v2\/tags"}],"about":[{"href":"https:\/\/summacum.lauder.hu\/index.php\/wp-json\/wp\/v2\/taxonomies\/post_tag"}],"wp:post_type":[{"href":"https:\/\/summacum.lauder.hu\/index.php\/wp-json\/wp\/v2\/posts?tags=188"}],"curies":[{"name":"wp","href":"https:\/\/api.w.org\/{rel}","templated":true}]}}