{"id":200,"count":1,"description":"","link":"https:\/\/summacum.lauder.hu\/index.php\/tag\/klimavaltozas\/","name":"kl\u00edmav\u00e1ltoz\u00e1s","slug":"klimavaltozas","taxonomy":"post_tag","meta":[],"_links":{"self":[{"href":"https:\/\/summacum.lauder.hu\/index.php\/wp-json\/wp\/v2\/tags\/200"}],"collection":[{"href":"https:\/\/summacum.lauder.hu\/index.php\/wp-json\/wp\/v2\/tags"}],"about":[{"href":"https:\/\/summacum.lauder.hu\/index.php\/wp-json\/wp\/v2\/taxonomies\/post_tag"}],"wp:post_type":[{"href":"https:\/\/summacum.lauder.hu\/index.php\/wp-json\/wp\/v2\/posts?tags=200"}],"curies":[{"name":"wp","href":"https:\/\/api.w.org\/{rel}","templated":true}]}}